{"id":345613,"date":"2022-05-16T22:07:50","date_gmt":"2022-05-16T20:07:50","guid":{"rendered":"https:\/\/www.pcnen.com\/portal\/?p=345613"},"modified":"2022-05-16T22:38:28","modified_gmt":"2022-05-16T20:38:28","slug":"romski-savjet-ukazao-na-problematicno-ponasanje-zabljackog-profesora-b-g-video","status":"publish","type":"post","link":"https:\/\/www.pcnen.com\/portal\/2022\/05\/16\/romski-savjet-ukazao-na-problematicno-ponasanje-zabljackog-profesora-b-g-video\/","title":{"rendered":"Romski savjet ukazao na problemati\u010dno pona\u0161anje \u017eablja\u010dkog profesora B.G. (video)"},"content":{"rendered":"<p>Prema podacima kojima raspola\u017ee Romski savjet, incident se dogodio na dje\u010dijem igrali\u0161tu u ulici Vuka Karad\u017ei\u0107a na \u017dabljaku, na kojem se planira i izgradnja vjerskog objekta.<\/p>\n<p>Na snimku se vidi kako krupni mu\u0161karac udara nogama djecu. Prema pouzdanim saznanjima portala PCNEN, rije\u010d je o profesoru <strong>Bobanu Glu\u0161\u010devi\u0107u<\/strong>.<\/p>\n<p>\u201cNajo\u0161trije osu\u0111ujemo nasilje nad bilo kojom djecom i pozivamo gra\u0111ane da umjesto nasilja prema romskoj djeci insistiraju na odgovornom i profesionalnom radu sistemskih institucija. Umjesto da bijete romsku djecu, insistirajte da institucije rade svoj posao. Tako \u0107ete najbolje podr\u017eati budu\u0107nost te djece\u201d, poruka je Romskog savjeta.<\/p>\n<blockquote><p><strong>Uprava policije je saop\u0161tila da je osumnji\u010dila B.G. (45) sa \u017dabljaka da je ju\u010de oko 14.00 \u010dasova na dje\u010dijem igrali\u0161tu u tom gradu fizi\u010dki napao jedanaestogodi\u0161njeg dje\u010daka. 2Postupaju\u0107i tu\u017eilac se izjasnio da se u radnjama B.G. sti\u010du elementi krivi\u010dnog djela zlostavljanje, te je nalo\u017eio podno\u0161enje prijave protiv osumnji\u010denog, u redovnom postupku&#8221;.<\/strong><\/p><\/blockquote>\n<p><iframe loading=\"lazy\" style=\"border: none; overflow: hidden;\" src=\"https:\/\/www.facebook.com\/plugins\/video.php?height=476&amp;href=https%3A%2F%2Fwww.facebook.com%2F100075734906252%2Fvideos%2F541642414204433%2F&amp;show_text=false&amp;width=267&amp;t=0\" width=\"267\" height=\"476\" frameborder=\"0\" scrolling=\"no\" allowfullscreen=\"allowfullscreen\"><\/iframe><\/p>\n","protected":false},"excerpt":{"rendered":"<p>Romski savjet u Crnoj Gori je objavio video snimak sa pozivom Upravi policije i nadle\u017enom dr\u017eavnom tu\u017eila\u0161tvu \u201cda provjere da li u radnjama gra\u0111anina profesora B.G. sa \u017dabljaka ima bi\u0107a bilo kojeg krivi\u010dnog djela ili prekr\u0161aja koje se goni po slu\u017ebenoj du\u017enosti\u201d.<\/p>\n","protected":false},"author":1,"featured_media":345614,"comment_status":"open","ping_status":"closed","sticky":false,"template":"","format":"standard","meta":{"_seopress_robots_primary_cat":"","_seopress_titles_title":"","_seopress_titles_desc":"","_seopress_robots_index":"","_et_pb_use_builder":"","_et_pb_old_content":"","_et_gb_content_width":"","inline_featured_image":false,"footnotes":""},"categories":[14],"tags":[1675,1060],"class_list":["post-345613","post","type-post","status-publish","format-standard","has-post-thumbnail","hentry","category-vijesti","tag-romska-djeca","tag-zabljak"],"_links":{"self":[{"href":"https:\/\/www.pcnen.com\/portal\/wp-json\/wp\/v2\/posts\/345613","targetHints":{"allow":["GET"]}}],"collection":[{"href":"https:\/\/www.pcnen.com\/portal\/wp-json\/wp\/v2\/posts"}],"about":[{"href":"https:\/\/www.pcnen.com\/portal\/wp-json\/wp\/v2\/types\/post"}],"author":[{"embeddable":true,"href":"https:\/\/www.pcnen.com\/portal\/wp-json\/wp\/v2\/users\/1"}],"replies":[{"embeddable":true,"href":"https:\/\/www.pcnen.com\/portal\/wp-json\/wp\/v2\/comments?post=345613"}],"version-history":[{"count":4,"href":"https:\/\/www.pcnen.com\/portal\/wp-json\/wp\/v2\/posts\/345613\/revisions"}],"predecessor-version":[{"id":345618,"href":"https:\/\/www.pcnen.com\/portal\/wp-json\/wp\/v2\/posts\/345613\/revisions\/345618"}],"wp:featuredmedia":[{"embeddable":true,"href":"https:\/\/www.pcnen.com\/portal\/wp-json\/wp\/v2\/media\/345614"}],"wp:attachment":[{"href":"https:\/\/www.pcnen.com\/portal\/wp-json\/wp\/v2\/media?parent=345613"}],"wp:term":[{"taxonomy":"category","embeddable":true,"href":"https:\/\/www.pcnen.com\/portal\/wp-json\/wp\/v2\/categories?post=345613"},{"taxonomy":"post_tag","embeddable":true,"href":"https:\/\/www.pcnen.com\/portal\/wp-json\/wp\/v2\/tags?post=345613"}],"curies":[{"name":"wp","href":"https:\/\/api.w.org\/{rel}","templated":true}]}}