{"id":345593,"date":"2022-05-16T18:15:59","date_gmt":"2022-05-16T16:15:59","guid":{"rendered":"https:\/\/www.pcnen.com\/portal\/?p=345593"},"modified":"2022-05-16T18:15:59","modified_gmt":"2022-05-16T16:15:59","slug":"profesor-istorijska-odluka-sabora-spc-za-okoncanje-makedonskog-raskola","status":"publish","type":"post","link":"https:\/\/www.pcnen.com\/portal\/2022\/05\/16\/profesor-istorijska-odluka-sabora-spc-za-okoncanje-makedonskog-raskola\/","title":{"rendered":"Profesor: Istorijska odluka Sabora SPC za okon\u010danje makedonskog raskola"},"content":{"rendered":"<p>&#8220;Najpre se mora pozdraviti odluka Svetog Sinoda &#8216;Makedonska pravoslavne crkve (MPC)&#8217; da prihvati autonomiju u okviru SPC, koja joj je data aktom Svetoga arhijerejskog sabora SPC jo\u0161 daleke 1959. godine&#8221;, rekao je pravni istori\u010dar \u010cvorovi\u0107, za agenciju Beta.<\/p>\n<p>Prema njegovim rije\u010dima, &#8220;ovim su makedonski episkopi posle toliko decenija napokon pokazali zrelu kanonsku svest i pastirsku odgovornost za spasenje svoje pastve&#8221;.<\/p>\n<p>&#8220;Dana\u0161njom odlukom Svetog arhijerejskog sabora SPC potpuno su anulirana dejstva nekanonskog akta Carigradske patrijar\u0161ije od 9. maja, kojim je &#8216;MPC&#8217; priznata za kanonsku crkvu&#8221;, naglasio je \u010cvorovi\u0107, kao i da je potvrdjeno da Srpska crkva ima jurisdikciju nad autonomnom MPC a ne Vaseljenska patrijar\u0161ija.<\/p>\n<p>On je nagalsio da je time &#8220;nanet ozbiljan udarac papisti\u010dkim pretenzijama patrijarha Vartolomeja i njegovom poku\u0161aju da druge pomesne Crkve priznaju tobo\u017enju apelacionu sudsku nadle\u017enost Carigradske patrijar\u0161ije, na osnovu koje je donet nekanonski akt od 9. maja&#8221;.<\/p>\n<p>Tako\u0111e je, dodao je, &#8220;odlukom Svetog arhijerejskog sabora SPC nanet ozbiljan udarac jo\u0161 jednoj papisti\u010dkoj pretenziji Fanara, njegovom poku\u0161aju da prisvoji dijasporu drugih pomesnih Crkava&#8221;, jer se, za razliku od akta vaseljenskog patrijarha, ovom odlukom &#8220;priznaje autonomnoj &#8216;MPC&#8217; jurisdikcija nad makedonskom dijasporom&#8221;.<\/p>\n<p>On je istakao i da je &#8220;pitanje kona\u010dnog imena makedonske Crkve, Sveti arhijerejski sabor SPC vezao za saglasnost koja \u0107e se oko toga posti\u0107i sa svim pomesnim pravoslavnim Crkvama, a ne samo helenofonim&#8221;.<\/p>\n<p>To je, rekao je, &#8220;va\u017ean doprinos o\u010duvanju jedinstva vaseljenske Pravoslavne Crkve, kao i jedinstva pravoslavnih balkanskih Slovena, a istovremeno te\u017eak udarac panhelenisti\u010dkim te\u017enjama fanariota&#8221;.<\/p>\n<p>Pema njegovim rije\u010dima, da bi se kona\u010dno do\u0161lo do &#8220;uspostavljanja liturgijskog i kanonskog jedinstva izme\u0111u SPC i &#8216;MPC&#8217; kao autonomne crkve u okviru SPC, neophodno je da se izmene odredbe najvi\u0161eg organizacionog akta &#8216;MPC&#8217;, te da se shodno saborskom aktu od 1959. godine predvide odgovaraju\u0107a stvarna i po\u010dasna prava srpskog patrijarha&#8221;.<\/p>\n<p>&#8220;Tek posle toga se mo\u017ee govoriti da je proces njenog vra\u0107anja u krilo majke-Crkve okon\u010dan&#8221;, rekao je \u010cvorovi\u0107 za Betu.<\/p>\n<blockquote class=\"wp-embedded-content\" data-secret=\"e1GLVdMTBN\"><p><a href=\"https:\/\/www.pcnen.com\/portal\/2022\/05\/16\/sabor-spc-odobrio-kanonsko-jedinstvo-sa-mpc\/\">Sabor SPC odobrio kanonsko jedinstvo sa MPC<\/a><\/p><\/blockquote>\n<p><iframe loading=\"lazy\" class=\"wp-embedded-content\" sandbox=\"allow-scripts\" security=\"restricted\" style=\"position: absolute; clip: rect(1px, 1px, 1px, 1px);\" title=\"&#8220;Sabor SPC odobrio kanonsko jedinstvo sa MPC&#8221; &#8212; PCNEN\" src=\"https:\/\/www.pcnen.com\/portal\/2022\/05\/16\/sabor-spc-odobrio-kanonsko-jedinstvo-sa-mpc\/embed\/#?secret=eTzDE1Q2vx#?secret=e1GLVdMTBN\" data-secret=\"e1GLVdMTBN\" width=\"600\" height=\"338\" frameborder=\"0\" marginwidth=\"0\" marginheight=\"0\" scrolling=\"no\"><\/iframe><\/p>\n","protected":false},"excerpt":{"rendered":"<p>Profesor Pravnog fakulteta u Kragujevcu Zoran \u010cvorovi\u0107 je ocijenio da dana\u0161na odluka Sabora Srpske pravoslavne crkve (SPC) &#8220;doneta s ciljem okon\u010danja makedonskog raskola ima istorijski zna\u010daj&#8221; za nju i sve pomjesne pravoslavne Crkve, ali i pravoslavne Slovene, napominju\u0107i i da je &#8220;nanet ozbiljan udarac papisti\u010dkim pretenzijama&#8221; vaseljenskog patrijarha Vartolomeja.<\/p>\n","protected":false},"author":1,"featured_media":0,"comment_status":"open","ping_status":"closed","sticky":false,"template":"","format":"standard","meta":{"_seopress_robots_primary_cat":"","_seopress_titles_title":"","_seopress_titles_desc":"","_seopress_robots_index":"","_et_pb_use_builder":"","_et_pb_old_content":"","_et_gb_content_width":"","inline_featured_image":false,"footnotes":""},"categories":[14],"tags":[],"class_list":["post-345593","post","type-post","status-publish","format-standard","hentry","category-vijesti"],"_links":{"self":[{"href":"https:\/\/www.pcnen.com\/portal\/wp-json\/wp\/v2\/posts\/345593","targetHints":{"allow":["GET"]}}],"collection":[{"href":"https:\/\/www.pcnen.com\/portal\/wp-json\/wp\/v2\/posts"}],"about":[{"href":"https:\/\/www.pcnen.com\/portal\/wp-json\/wp\/v2\/types\/post"}],"author":[{"embeddable":true,"href":"https:\/\/www.pcnen.com\/portal\/wp-json\/wp\/v2\/users\/1"}],"replies":[{"embeddable":true,"href":"https:\/\/www.pcnen.com\/portal\/wp-json\/wp\/v2\/comments?post=345593"}],"version-history":[{"count":1,"href":"https:\/\/www.pcnen.com\/portal\/wp-json\/wp\/v2\/posts\/345593\/revisions"}],"predecessor-version":[{"id":345594,"href":"https:\/\/www.pcnen.com\/portal\/wp-json\/wp\/v2\/posts\/345593\/revisions\/345594"}],"wp:attachment":[{"href":"https:\/\/www.pcnen.com\/portal\/wp-json\/wp\/v2\/media?parent=345593"}],"wp:term":[{"taxonomy":"category","embeddable":true,"href":"https:\/\/www.pcnen.com\/portal\/wp-json\/wp\/v2\/categories?post=345593"},{"taxonomy":"post_tag","embeddable":true,"href":"https:\/\/www.pcnen.com\/portal\/wp-json\/wp\/v2\/tags?post=345593"}],"curies":[{"name":"wp","href":"https:\/\/api.w.org\/{rel}","templated":true}]}}