{"id":345065,"date":"2022-05-10T11:45:26","date_gmt":"2022-05-10T09:45:26","guid":{"rendered":"https:\/\/www.pcnen.com\/portal\/?p=345065"},"modified":"2022-05-10T11:45:26","modified_gmt":"2022-05-10T09:45:26","slug":"kako-se-cuva-ugled-firme","status":"publish","type":"post","link":"https:\/\/www.pcnen.com\/portal\/2022\/05\/10\/kako-se-cuva-ugled-firme\/","title":{"rendered":"Kako se \u010duva ugled firme"},"content":{"rendered":"<p>Ve\u0107 nekih dvadesetak godina, u periodu od kraja marta do kraja novembra, biciklom dolazim na posao. Kada sam po\u010deo da koristim biciklo, bila je to neubi\u010dajna i relativno rijetka pojava. Osim problema u saobra\u0107aju koje sam kao biciklista tada imao \u2013 gdje bicikliste voza\u010di automobila kao \u201eja\u010di\u201c apsolutno nijesu po\u0161tovali &#8211; bilo je i raznih drugih zgoda, pa sam rje\u0161io da ispri\u010dam neke. Podstakla me jutra\u0161nja pri\u010da koleginice, koja me ostavila zapanjenog.<\/p>\n<p>Kada sam dolazio na posao, biciklo sam uvijek parkirao pored ulaznih stepenica, sa strane, da ne smeta strankama. Parking za bicikla tada nijesmo imali; instaliran je tek prije par godina, na moj zahtjev, a opet zbog stranaka \u2013 ne zbog mene, jer su i one sve vi\u0161e po\u010dele koristiti biciklo, \u0161to sam predo\u010dio poslovodstvu. Tu, na trotoaru(!), pored ulaza, uvijek bi bio parkiran slu\u017ebeni automobil direktora &#8211; i sad je nastavljena ta praksa &#8211; koji svojom du\u017einom pokriva dio stepeni\u0161ta i pravi malu smetnju za nesmetan ulaz.<\/p>\n<p>Fond PIO je uvijek imao \u201emarkirane\u201c slu\u017ebene automobile, \u0161to valjda poja\u010dava ugled firme, pa je tada\u0161njem direktoru zasmetalo moje neugledno biciklo, parkirano na metar do dva od slu\u017ebenog automobila. Jedno jutro iza\u0161ao je portir i sapo\u0161tio mi da je direktor (Du\u0161an Perovi\u0107) zabranio da parkiram biciklo u blizini njegovog automobila \u201eda ga ne ogrebem\u201c(!). Na\u0161ao sam se u \u010dudu, pitaju\u0107i se u sebi kako mogu parkiraju\u0107i biciklo ogrebsti slu\u017ebenu \u201emakinu\u201c, ali, kako sam kao javni opozicionar i kriti\u010dar dru\u0161tvenoh de\u0161avanja bio stalno na oprezu zbog mogu\u0107ih konsekvenci, izbjegao sam tra\u017eenje obja\u0161njenja u moru drugih, va\u017enijih, koje sam uporno tra\u017eio.<\/p>\n<p>Godine\u00a0 2014. sam postao odbornik u Skup\u0161tini Glavnog grada. Odijelo ne obla\u010dim nikad, ponekad nosim neformalni sako uz ko\u0161ulju, aktn ta\u0161nu nemam niti mi treba, samo onu uobi\u010dajnu, manju torbicu, koja se nosi preko ramena. Tako odjeven, po\u0161ao sam i na tu prvu, konstituivnu sjednicu. Na biciklu, naravno. Parkirao sam ga desetak metara od ulaza. Zaklju\u010davaju\u0107i ga, primjetio sam da me portir upitno posmatra, dok su kolege odornici pristizali obu\u010deni po pe-esu, automobilima uglavnom. Kada sam krenuo da u\u0111em u prostor gdje se odr\u017eavala sjednica (zgrada stare Vlade), zaustavio me je i ne ba\u0161 prijateljski upitao \u201e\u0111e ste vi krenuli\u201c? Kada sam mu saop\u0161tio da sam odbornik, zabezeknuo se. Vjerujem da je pomislio kako danas ima svakakvih odbornika, koji eto, dolaze bicikom, jo\u0161 odjeveni tako kako sam bio ja \ud83d\ude42<\/p>\n<p>Ove dvije pri\u010de su bez veze u odnosu na tre\u0107u, koju mi je ispri\u010dala koleginica jutros, dok smo se vozili liftom; tiha i povu\u010dena, \u017eena \u201esvog posla\u201c \u2013 kako bi se narodski reklo, a koja radi kod nas nekih 20 godina.<\/p>\n<p>Vidjeh te jutros, ka\u017ee mi ona, kako biciklom dolazi\u0161 na posao, pa mi pade na pamet kako sam ja po\u010dela i poslije dva dana odustala. Drugog dana, kad sam do\u0161la na posao, pri\u0161ao mi je portir i rekao mi da nije fino i po\u017eeljno da radnici Fonda dolaze biciklom na posao. Tako sam odustala.<\/p>\n<p>Jo\u0161 sanjiv, nijesam mogao da vjerujem \u0161to mi pri\u010da. Ne pitah je da li je to bio njegov li\u010dni o\u0161trouman zaklju\u010dak ili poslovodstva, koji joj je on samo prenio?<\/p>\n<p>Ugled Fonda PIO se ru\u0161i ako njegovi upo\u0161ljenici dolaze na posao biciklom, dok negdje, istovremeno, gradona\u010delnik Skoplja uvodi posebne subvencije za sve one koje koriste biciklo kao sredstvo javnog prevoza do svog radnog mjesta!? \u00a0Ugled ne ru\u0161e i nijesu uru\u0161ili biv\u0161i direktori Fonda PIO, po\u010dev od Mihajla Banjevi\u0107a, zaklju\u010dno sa aktuelnim guvernerom Centralne banke \u017dugi\u0107em, koji su ga nemilosrdno i decenijama prosto plja\u010dkali, ve\u0107 radnici koji dolaze biciklom? Ni oni upo\u0161ljenici koji su uhva\u0107eni u raznim pronevjerama, mahinacijama i kra\u0111ama, za \u0161to uglavnom nijesu odgovarali &#8211; naprotiv, neki su poslije otkrivanja, u par slu\u010dajeva ne malih pronevjera, uz otpremninu poslati u penziju.<\/p>\n<p>Mo\u017eda je portir potpuno u pravu, mogu\u0107e da iznose\u0107i navedeno upravo ja ru\u0161im ugled Fonda PIO, te bih trebao biti pozvan na odgovornost? Ipak, doda\u0107u na kraju: ako glavni specijalni tu\u017eilac nekad u\u0111e kod nas i pro\u010de\u0161lja poslovanje poslednjih 30. godina, dio aktuelnih afera \u0107e pasti u zaborav pri tim nalazima, a Spu\u017e \u0107e dobiti puno novih stanara, zvu\u010dnih imena.<\/p>\n<p>Neka ide svo meso u pitu!<\/p>\n","protected":false},"excerpt":{"rendered":"<p>Pi\u0161e: Omer \u0160ARKI\u0106<\/p>\n","protected":false},"author":12,"featured_media":286086,"comment_status":"open","ping_status":"closed","sticky":false,"template":"","format":"standard","meta":{"_seopress_robots_primary_cat":"","_seopress_titles_title":"","_seopress_titles_desc":"","_seopress_robots_index":"","_et_pb_use_builder":"","_et_pb_old_content":"","_et_gb_content_width":"","inline_featured_image":false,"footnotes":""},"categories":[17],"tags":[1516,1169],"class_list":["post-345065","post","type-post","status-publish","format-standard","has-post-thumbnail","hentry","category-blogovi","tag-fond-pio","tag-omer-sarkic"],"_links":{"self":[{"href":"https:\/\/www.pcnen.com\/portal\/wp-json\/wp\/v2\/posts\/345065","targetHints":{"allow":["GET"]}}],"collection":[{"href":"https:\/\/www.pcnen.com\/portal\/wp-json\/wp\/v2\/posts"}],"about":[{"href":"https:\/\/www.pcnen.com\/portal\/wp-json\/wp\/v2\/types\/post"}],"author":[{"embeddable":true,"href":"https:\/\/www.pcnen.com\/portal\/wp-json\/wp\/v2\/users\/12"}],"replies":[{"embeddable":true,"href":"https:\/\/www.pcnen.com\/portal\/wp-json\/wp\/v2\/comments?post=345065"}],"version-history":[{"count":3,"href":"https:\/\/www.pcnen.com\/portal\/wp-json\/wp\/v2\/posts\/345065\/revisions"}],"predecessor-version":[{"id":345078,"href":"https:\/\/www.pcnen.com\/portal\/wp-json\/wp\/v2\/posts\/345065\/revisions\/345078"}],"wp:featuredmedia":[{"embeddable":true,"href":"https:\/\/www.pcnen.com\/portal\/wp-json\/wp\/v2\/media\/286086"}],"wp:attachment":[{"href":"https:\/\/www.pcnen.com\/portal\/wp-json\/wp\/v2\/media?parent=345065"}],"wp:term":[{"taxonomy":"category","embeddable":true,"href":"https:\/\/www.pcnen.com\/portal\/wp-json\/wp\/v2\/categories?post=345065"},{"taxonomy":"post_tag","embeddable":true,"href":"https:\/\/www.pcnen.com\/portal\/wp-json\/wp\/v2\/tags?post=345065"}],"curies":[{"name":"wp","href":"https:\/\/api.w.org\/{rel}","templated":true}]}}