{"id":344992,"date":"2022-05-09T12:30:23","date_gmt":"2022-05-09T10:30:23","guid":{"rendered":"https:\/\/www.pcnen.com\/portal\/?p=344992"},"modified":"2022-05-09T12:30:23","modified_gmt":"2022-05-09T10:30:23","slug":"nada","status":"publish","type":"post","link":"https:\/\/www.pcnen.com\/portal\/2022\/05\/09\/nada\/","title":{"rendered":"Nada"},"content":{"rendered":"<p>Gra\u0111ani Crne Gore su, poslije tridesetogodi\u0161nje vladavine DPS-a, sa ogromnom nadom i entuzijazmom do\u010dekali promjenu koja se desila 30. avgusta pretpro\u0161le godine. Iako su ta o\u010dekivanja bila nerealna, biv\u0161a Vlada se potrudila da ne uradi gotovi ni\u0161ta i da, umjesto vladavine prava, uvede vladavinu klera. Poslije njenog neslavnog i zaslu\u017eenog kraja, Abazovi\u0107 je iza\u0161ao sa predlogom manjinske vlade. Tu se nada u istinske promjene dodatno uru\u0161ila, prije svega zbog \u010dinjenice da ta Vlada zavisi od manjinske podr\u0161ke DPS-a. Poslije tromjese\u010dnih pregovora oko njenog formiranja, to jest mrcvarenja, bolje re\u0107i politi\u010dkog piljarenja, nada je prakti\u010dno umrla. Pogotovu kada su gra\u0111ani vidjeli da u njoj ima 18 ministarstava i 20 ministara, konstituisanih, o\u010digledno, ne zbog njene efikasnosti, ve\u0107 da bi se politi\u010dki namirili partije koje vladu \u010dine. Uz sve to, jedno od prvih nemje\u0161tenja u njoj je bilo imenovanje Sava Kentere za direktora ANB-a, osobe koja je slika i prilika \u201ekadrova\u201c biv\u0161e vlasti: nadmeni, prepotentni oportunista, uvijek na liniji, pun sebe i svoje va\u017enosti.<\/p>\n<p>U atmosferi izgubljene nade, iznenada se javila nova, tamo gdje i kada se to mo\u017eda najmanje moglo o\u010dekivati. Najzad je izabran novi glavni Specijalni dr\u017eavni tu\u017eilac, javnosti nedovoljno poznat Vladimir Novovi\u0107, u tu\u017eila\u0161tvu koje je odavno u raspadu \u2013 kao i sudstvo, gdje se misilo da uop\u0161te nema \u010dovjeka koji nije manje ili vi\u0161e uprljan u zasti\u0111u i glibu kakvo godinama vlada u sudsko-tu\u017eila\u010dkoj organizaciji. Novovi\u0107 je stupio na du\u017enost bez pompe i pompeznih konferencija za \u0161tampu, gostovanja po raznim televizijama, bez velikih rije\u010di i obe\u0107anja, tiho, prakti\u010dno neprimjetno. Potpuno suprotno od njegovog prethodnika, \u201e\u010duvenog\u201c Milivoja Katni\u0107a, koji \u0107e, nadam(o) se, kad-tad biti predmet specijalnog tu\u017eila\u0161tva.<\/p>\n<p>Bez buke i vike, velikih rije\u010di i javne promocije, Novovi\u0107 je po izbijanju afere Medenica odmah sproveo istragu i nalo\u017eio hap\u0161enje biv\u0161e predsjednice Vrhovnog suda i Vrhovne dr\u017eavne tu\u017eiteljke, kao i njenog sina. Zatim je otvorio predmet protiv Petra Lazovi\u0107a, sina najuticajnijeg biv\u0161eg policajca u Crnoj Gori, uticajnijeg, vjerujem, i od Veselina Veljovi\u0107a. U odbranu Lazovi\u0107a ekspresno je javno stao biv\u0161i glavni specijalni tu\u017eilac Katni\u0107, \u0161to najbolje govori kolike i kakve pipke ima na\u0161a hobotnica. Novovi\u0107 je pokrenuo istragu i oko jedne od serije plja\u010dki u preduze\u0107u AD Planta\u017ee, kojom se ispituje \u201eeventualna\u201c odgovornost za milionsku \u0161tetu biv\u0161e direktorice Verice Mara\u0161, te jednog od najuticajnih ljudi iz sjenke u Crnoj Gori, umije\u0161anog u sve i sva\u0161ta, dr Veselina Vukoti\u0107a. Jutros je uhap\u0161en i Bla\u017eo Jovani\u0107, predsjednik Privrednog suda, sa jo\u0161 desetak osoba. U veoma o\u0161troj konkurenciji, Jovani\u0107 je jedan od najomrznutijih i najkontroverznijih ste\u010dajnih sudija u Crnoj Gori. \u00a0U nekom od prethodnih tekstova na blogu sam objasnio \u0161ta zna\u010di pojam kontroverzan kod nas.<\/p>\n<p>Specijalno tu\u017eila\u0161tvo na \u010delu sa Novovi\u0107em je za par mjeseci pokrenulo vi\u0161e istraga protiv organizovanog kriminala i korupcije na visokom nivou, \u010dini se nefingiranih, nego mu prethodnik Katni\u0107 u vrijeme cijelog svog mandata, izuzimaju\u0107i slu\u010daj Marovi\u0107, koji je u stvari bio kriminalno-politi\u010dki obra\u010dun unutar samog vrha vlasti. Sve predmete korupcije na visokom nivou sa i laiku o\u010diglednim dokazima Katni\u0107 bi u svojim \u010destim rijaliti \u0161ouima, koji su samo li\u010dili na konferencije za \u0161tampu, definisao kao predmete gdje \u201enema ni udaljene sumnje\u201c u krivi\u010dno djelo, pogotovo ako se predmet odnosi na \u0110ukanovi\u0107a i njegove bliske prijatelje. Za razliku od njega, Novovi\u0107, bar zasad, neseliktivno pokre\u0107e istrage protiv osoba koje su po pravilu iz bliskog \u0110ukanovi\u0107evog okru\u017eenja. Ispostavlja se ono \u0161to svi znamo, \u201eali moramo po\u0161tovati presumpciju nevinosti\u201c, da su upravo te osobe umije\u0161ane u najve\u0107i organizovani kriminal, jedino \u0110ukanovi\u0107 nije. On, valjda, zaukupljen stalnom borbom za dr\u017eavu i op\u0161ti napredak, nije znao i vidio da su skoro svi oko njega ogrezli u lopovluku i plja\u010dki!<\/p>\n<p>Ako Novovi\u0107 misli da ozbiljno u\u0111e u ko\u0161tac sa tom hobotnicom \u2013 kako to sada djeluje &#8211; onda je on istinski heroj ovog vremena. Lak\u0161e je bilo \u010duvenom Eliot Nesu nego njemu, jer je i u vrijeme Eliot Nesa i Al Kaponea bilo manje nekorumpriranih politi\u010dara, sudija, tu\u017eilaca i policajaca, nego \u0161to ih danas ima u Crnoj Gori. Zadatak nove vlade je da Novovi\u0107u obezbjedi maksimalno i najbolje \u00a0mogu\u0107e obezbje\u0111anje, pru\u017ei mu svu materijalnu i tehni\u010dku podr\u0161ku, omogu\u0107i da sam bira timove saradnika i specijalni policijski tim koji \u0107e biti uz njega. Gra\u0111ani \u017eeljni pravde su masovno spremni da mu pomognu, pru\u017ee sve vrste, pa i fizi\u010dke za\u0161tite ako treba. Novovi\u0107 je u tunelu u kom se nalazimo postao jedina svjetla ta\u010dka. Glavni specijalni tu\u017eilac koji bude imao volje i hrabrosti da krene u obra\u010dun protiv mafije, op\u0161teg kriminala i lopovluka, bi\u0107e upam\u0107en mnogo vi\u0161e od \u00a0svih postoje\u0107ih \u201eheroja\u201c koji se decenijama \u201ebore\u201c za crnogorstvo i srpstvo.<\/p>\n<p>Osim pravde koje je ovo dru\u0161tvo \u017eeljno, vladavina prava je osnov bilo kakvog, pa i ekonomskog napretka, va\u017enija od najve\u0107e strane investicije ili bilo kojeg \u201estrate\u0161kog partnera\u201c. Pravda i vladavina prava su najve\u0107i i istinski strate\u0161ki partneri gra\u0111ana, temelj napretka dru\u0161tva u cjelini. Zato je Novovi\u0107 ulio izgubljenu nadu i mo\u017ee postati istinski nacionalni heroj, kako dr\u017eave, tako svih nacija koje \u017eive u njoj. Crnoj Gori trebaju takvi nacionalni heroji, umjesto trenutnih, koji bi onda po\u0161li u zaborav.<\/p>\n","protected":false},"excerpt":{"rendered":"<p>Pi\u0161e: Omer \u0160ARKI\u0106<\/p>\n","protected":false},"author":12,"featured_media":0,"comment_status":"open","ping_status":"closed","sticky":false,"template":"","format":"standard","meta":{"_seopress_robots_primary_cat":"","_seopress_titles_title":"","_seopress_titles_desc":"","_seopress_robots_index":"","_et_pb_use_builder":"","_et_pb_old_content":"","_et_gb_content_width":"","inline_featured_image":false,"footnotes":""},"categories":[17,12],"tags":[1169,1598],"class_list":["post-344992","post","type-post","status-publish","format-standard","hentry","category-blogovi","category-prica-dana","tag-omer-sarkic","tag-vladimir-novovic"],"_links":{"self":[{"href":"https:\/\/www.pcnen.com\/portal\/wp-json\/wp\/v2\/posts\/344992","targetHints":{"allow":["GET"]}}],"collection":[{"href":"https:\/\/www.pcnen.com\/portal\/wp-json\/wp\/v2\/posts"}],"about":[{"href":"https:\/\/www.pcnen.com\/portal\/wp-json\/wp\/v2\/types\/post"}],"author":[{"embeddable":true,"href":"https:\/\/www.pcnen.com\/portal\/wp-json\/wp\/v2\/users\/12"}],"replies":[{"embeddable":true,"href":"https:\/\/www.pcnen.com\/portal\/wp-json\/wp\/v2\/comments?post=344992"}],"version-history":[{"count":3,"href":"https:\/\/www.pcnen.com\/portal\/wp-json\/wp\/v2\/posts\/344992\/revisions"}],"predecessor-version":[{"id":344997,"href":"https:\/\/www.pcnen.com\/portal\/wp-json\/wp\/v2\/posts\/344992\/revisions\/344997"}],"wp:attachment":[{"href":"https:\/\/www.pcnen.com\/portal\/wp-json\/wp\/v2\/media?parent=344992"}],"wp:term":[{"taxonomy":"category","embeddable":true,"href":"https:\/\/www.pcnen.com\/portal\/wp-json\/wp\/v2\/categories?post=344992"},{"taxonomy":"post_tag","embeddable":true,"href":"https:\/\/www.pcnen.com\/portal\/wp-json\/wp\/v2\/tags?post=344992"}],"curies":[{"name":"wp","href":"https:\/\/api.w.org\/{rel}","templated":true}]}}