{"id":344615,"date":"2022-05-04T12:35:35","date_gmt":"2022-05-04T10:35:35","guid":{"rendered":"https:\/\/www.pcnen.com\/portal\/?p=344615"},"modified":"2022-05-04T12:35:35","modified_gmt":"2022-05-04T10:35:35","slug":"sestra-ubijenog-policijskog-funkcionera-scekica-optuzuje-lazovica-i-golubovica","status":"publish","type":"post","link":"https:\/\/www.pcnen.com\/portal\/2022\/05\/04\/sestra-ubijenog-policijskog-funkcionera-scekica-optuzuje-lazovica-i-golubovica\/","title":{"rendered":"Sestra ubijenog policijskog funkcionera \u0160\u0107eki\u0107a optu\u017euje Lazovi\u0107a i Golubovi\u0107a"},"content":{"rendered":"<p>\u201cNa \u010di\u0161\u0107enju policije od njenih pripadnika ogrezlih u kriminal po\u010deo je moj brat Slavoljub. Gore pomenuti su mu do\u0161li glave. Oni su na slobodi i dalje\u201c, napisala je \u0160\u0107eki\u0107 <a href=\"https:\/\/www.facebook.com\/slavica.scekic.90\" target=\"_blank\" rel=\"noopener\">na svojoj FB stranici.<\/a><\/p>\n<p>Zoran Lazovi\u0107 se pominje u negativnom kontekstu u dokumentu Europola koji je procurio u javnost preko sajti Libertaspress, u kome se njegov sin policajac dovodi u direktnu vezu sa kriminalnim Kava\u010dkim klanom.<\/p>\n<p>Slavoljub \u0160\u0107eki\u0107 je ubijen u klasi\u010dnoj sa\u010deku\u0161i, u no\u0107i 30.avgusta 2005. godine, ispred porodi\u010dne ku\u0107e u podgori\u010dkom naselju Tolo\u0161i. Nalogodavci ovog ubistva nikada nijesu otkriveni.<\/p>\n","protected":false},"excerpt":{"rendered":"<p>Slavica \u0160\u0107eki\u0107, sestra ubijenog policijskog funkcionera Slavoljuba \u0160\u0107eki\u0107a, optu\u017eila je biv\u0161eg pomo\u0107nika direktora Uprave policije Zorana Lazovi\u0107a i policajca Du\u0161ka Golubovi\u0107a da su njenom bratu do\u0161li glave.<\/p>\n","protected":false},"author":1,"featured_media":196205,"comment_status":"open","ping_status":"closed","sticky":false,"template":"","format":"standard","meta":{"_seopress_robots_primary_cat":"","_seopress_titles_title":"","_seopress_titles_desc":"","_seopress_robots_index":"","_et_pb_use_builder":"","_et_pb_old_content":"","_et_gb_content_width":"","inline_featured_image":false,"footnotes":""},"categories":[14],"tags":[1225,1533],"class_list":["post-344615","post","type-post","status-publish","format-standard","has-post-thumbnail","hentry","category-vijesti","tag-slavoljub-scekic","tag-zoran-lazovic"],"_links":{"self":[{"href":"https:\/\/www.pcnen.com\/portal\/wp-json\/wp\/v2\/posts\/344615","targetHints":{"allow":["GET"]}}],"collection":[{"href":"https:\/\/www.pcnen.com\/portal\/wp-json\/wp\/v2\/posts"}],"about":[{"href":"https:\/\/www.pcnen.com\/portal\/wp-json\/wp\/v2\/types\/post"}],"author":[{"embeddable":true,"href":"https:\/\/www.pcnen.com\/portal\/wp-json\/wp\/v2\/users\/1"}],"replies":[{"embeddable":true,"href":"https:\/\/www.pcnen.com\/portal\/wp-json\/wp\/v2\/comments?post=344615"}],"version-history":[{"count":1,"href":"https:\/\/www.pcnen.com\/portal\/wp-json\/wp\/v2\/posts\/344615\/revisions"}],"predecessor-version":[{"id":344616,"href":"https:\/\/www.pcnen.com\/portal\/wp-json\/wp\/v2\/posts\/344615\/revisions\/344616"}],"wp:featuredmedia":[{"embeddable":true,"href":"https:\/\/www.pcnen.com\/portal\/wp-json\/wp\/v2\/media\/196205"}],"wp:attachment":[{"href":"https:\/\/www.pcnen.com\/portal\/wp-json\/wp\/v2\/media?parent=344615"}],"wp:term":[{"taxonomy":"category","embeddable":true,"href":"https:\/\/www.pcnen.com\/portal\/wp-json\/wp\/v2\/categories?post=344615"},{"taxonomy":"post_tag","embeddable":true,"href":"https:\/\/www.pcnen.com\/portal\/wp-json\/wp\/v2\/tags?post=344615"}],"curies":[{"name":"wp","href":"https:\/\/api.w.org\/{rel}","templated":true}]}}