{"id":343405,"date":"2022-04-19T08:01:24","date_gmt":"2022-04-19T06:01:24","guid":{"rendered":"https:\/\/www.pcnen.com\/portal\/?p=343405"},"modified":"2022-04-19T08:01:24","modified_gmt":"2022-04-19T06:01:24","slug":"preko-tudih-leda","status":"publish","type":"post","link":"https:\/\/www.pcnen.com\/portal\/2022\/04\/19\/preko-tudih-leda\/","title":{"rendered":"Preko tu\u0111ih le\u0111a"},"content":{"rendered":"<p><strong>Pi\u0161e: Ladislav Babi\u0107 \u00a0\u00a0\u00a0\u00a0\u00a0\u00a0<\/strong><\/p>\n<p>Svako zbivanje ima \u2013 sem povr\u0161inski vidljivog \u2013 vi\u0161e nivoa, udubljivanje u koje ga mo\u017ee jasnije objasniti negoli napre\u010dac donesen sud o njemu. Pretpostavimo da sam nekome opalio \u0161amar na javnom mjestu. Svjedoci bi me pred sudom u\u010das razapeli kao kabadahiju, nasilnika, neciviliziranog, neodgojenog i moralno impotentnog tipa, a sud bi mi u roku odmah donio presudu, primjerenu sitni\u0161u moje vrste. Bi li ikoga zanimala pozadina koja me natjerala na takav postupak, recimo odgovornost o\u0161amarenog za smrt moga oca, otima\u010dinu obiteljskog imanja, raspad braka, izbacivanje na ulicu, i sli\u010dne stvari koje su mi upropastile \u017eivot? Iskreno sumnjam, jer golema ve\u0107ina naprosto donosi sud prema onome \u0161to vidi, ne bave\u0107i se uzrocima vi\u0111enog. Sagledavanje su\u0161tine ispod je mentalnih sposobnosti mnogih gra\u0111ana. Preduboko kopanje po tu\u0111im sudbinama moglo bi, ne daj bo\u017ee, navesti i na razmi\u0161ljanje o sebi samome i vlastitom postavljanju spram svijeta i ljudi. <a href=\"https:\/\/www.tacno.net\/novosti\/predrag-lucic-klekni-u-ahmicima\/\">Primjerice<\/a>,<\/p>\n<blockquote><p><em>\u201eRepublika Hrvatska je u bliskoj pro\u0161losti izvr\u0161ila oru\u017eanu agresiju (a to je termin kojega hrvatski politi\u010dari naj\u010de\u0161\u0107e ne uspijevaju ni promrsiti a kamoli razgovijetno izgovoriti)\u2026 Ne zato \u0161to su ga povr\u0161no na\u0161trebali pa zaboravili, nego zato \u0161to se uporno odbijaju suo\u010diti s tijekom radnje koji je prethodio njihovom izbijanju na proscenij.\u201c<\/em><\/p><\/blockquote>\n<p>Rijetki su ljudi sposobni razlikovati tuma\u010denje <em>uzroka<\/em> od <em>opredjeljenja<\/em> za ovu ili onu stranu, te stoga \u010dak i ozbiljni analiti\u010dari unaprijed \u2013 da amortiziraju optu\u017ebe za krivo nagnu\u0107e \u2013 jasno ka\u017eu da njihove tekstove treba shvatiti kao poku\u0161aje objektivnog pristupa temi. \u0160to je veoma te\u0161ko, u \u010dasu kad mediji po cijele dane (primjerice program <em>HTV4<\/em>) ponavljaju tragi\u010dne slike bezbrojnih izbjeglica i njihove ispovijesti kombinirane s prizorima bestijalnog razaranja, istovremeno pra\u0107enih skoro potpunom cenzurom (pro)ruskih medija, propagandom zapadnja\u010dkih, uz licemjerno pozivanje na mir pra\u0107eno sankcijama i isporukom sofisticiranog naoru\u017eanja <em>Ukrajincima<\/em>. I, naravno, sinhrono isklju\u010divanje <em>Rusije<\/em> iz me\u0111unarodnih organizacija (primjerice, iz globalnog sustava bankovnog pla\u0107anja <em>SWIFT<\/em>, <em>\u201eSavjeta Evrope\u201c<\/em> \u2013 organizacije za za\u0161titu ljudskih prava, suspendiranja iz <em>\u201eVije\u0107a UN-a za ljudska prava\u201c<\/em>), \u0161to nikako ne doprinosi poku\u0161ajima diplomatskog rje\u0161avanja na koje se javno uporno poziva. Sve to pra\u0107eno antiruskim potezima spram ruske znanosti, umjetnosti, kulture, sporta i njihovih djelatnika, \u0161to me\u0111u zapadnim stanovni\u0161tvom pogoduje \u017eestokim protestima, pra\u0107enih i nasiljem prema svemu ruskom. Me\u0111u rijetkim analizama koje poku\u0161avaju objektivno sagledati stvarne uzroke rata \u2013 ne pozivaju\u0107i se na pojednostavljena tipa <em>\u201eruskog neoimperijalizma\u201c<\/em>, ili jo\u0161 banalnijih psiholo\u0161kih seciranja <em>Putina<\/em> &#8211; su tekstovi <em>\u0160vicarca <a href=\"https:\/\/www.tacno.net\/interview\/americka-je-politika-uvijek-bila-sprijeciti-uzu-suradnju-njemacke-i-rusije\/\">Jacques Baud<\/a><\/em>-a (intervju \u010dasopisu <em><a href=\"https:\/\/zeitgeschehen-im-fokus.ch\/en\/newspaper-ausgabe-en\/article-translated-in-english.html#article_1319\">\u201eZeitgeschehen im Fokus\u201c<\/a><\/em>), te uobi\u010dajeno relevantni tekstovi <em>Noama Chomsky-ja<\/em>, poput intervjua portalu <em><a href=\"https:\/\/truthout.org\/articles\/chomsky-us-policy-toward-putin-assures-no-path-to-de-escalation-in-ukraine\/\">\u201eTrothout\u201c<\/a><\/em>. Oba autora, jasno osu\u0111uju\u0107i rusku agresiju, iznose zaklju\u010dak kako je rat koji se vodi ustvari rat izme\u0111u objedinjenog <em>Zapada<\/em> (i njegovih prirepaka) i <em>Rusije<\/em> \u2013 kako to izvrsno nagla\u0161ava naslov prijevoda intervjua potonjega &#8211; <em><a href=\"https:\/\/pescanik.net\/do-poslednjeg-ukrajinca\/\">\u201eDo poslednjeg Ukrajinca\u201c<\/a><\/em>. Zna\u010dajni su u tom smislu i tekstovi <em><a href=\"https:\/\/www.geopolitika.news\/analize\/iz-pariza-dr-sc-sanja-vujacic-imaju-li-analiticari-pravo-na-odmak-od-crno-bijelog-prikaza-ukrajinskog-rata-u-ime-njegovog-okoncanja\/\">Sanje Vuja\u010di\u0107<\/a><\/em>, <a href=\"Z.%20Meter_%20Tko%20je%20zakazao%20po%20pitanju%20Ukrajine,%20i%20za\u0161to%20-%20poput%20domina,%20sada%20\u201epadaju%20sve%20maske\u201c_%20_%20Geopolitika%20News\"><em>Zorana<\/em> <em>Metera<\/em><\/a> i <em><a href=\"https:\/\/pescanik.net\/ashes-to-ash-ili-ko-su-mi-evropljani\/\">Aleksandra Pavlovi\u0107a<\/a><\/em>, a najbolje je \u010ditanje zaklju\u010diti \u010dlankom <em>Donatelle Di Cesare<\/em>; <em><a href=\"https:\/\/www.tacno.net\/novosti\/donatella-di-cesare-sto-znaci-biti-pacifist\/\">\u201e\u0160to zna\u010di biti pacifist\u201c<\/a><\/em> \u2013 da ne nabrajam dalje.<\/p>\n<blockquote><p>\u00a0\u00a0\u00a0\u00a0\u00a0\u00a0\u00a0 <em>Zapad<\/em> je<em>,<\/em> indoktriniran ameri\u010dkim vodstvom (koje je, i koje \u0107e najmanje osjetiti posljedice), osjetio priliku oboriti <em>Rusiju<\/em> na koljena, \u0161to nije uspjelo ni <em>teutonskim vitezovima<\/em>, <em>Napoleonu<\/em> ili <em>Hitleru<\/em> primjerice, a te\u0161ko \u0107e u tome uspjeti i sada\u0161nja proturuska kampanja. Ne ulaze\u0107i u analize za koje su mnogo relevantniji spomenuti autori, dovoljno se osvrnuti na konstataciju koju je izrekla, jedina se u <em>Saboru<\/em> suzdr\u017eav\u0161i u izglasavanju <em><a href=\"https:\/\/narodne-novine.nn.hr\/clanci\/sluzbeni\/2022_03_25_311.html\">\u201eDeklaracije o Ukrajini\u201c<\/a><\/em>, zastupnica <em>\u201eRadni\u010dke fronte\u201c<\/em> (<em>Sabor<\/em> se izvje\u0161tio u dono\u0161enju kojekakvigh deklaracija koje nikoga ne obavezuju, sem mo\u017eda njenih donositelja i idiota \u2013 \u0161to je \u010desto zapravo isto), a sukus \u010dega je <em><a href=\"https:\/\/www.radnickafronta.hr\/1725-izjava-o-ukrajini-2\">\u201eIzjava o Ukrajini\u201c<\/a><\/em>:<\/p>\n<p><em>\u201eJu\u010der je vojska Ruske Federacije napala Ukrajinu. Radni\u010dka fronta nedvosmisleno osu\u0111uje napad Rusije na Ukrajinu \u2012 protiv smo svake agresije, hu\u0161kanja i poziv\u00e2 na ratove. Dok za rusku agresiju i napad ne mo\u017ee biti opravdanja jer je rije\u010d o odgovoru koji nije razmjeran onome \u0161to je do njega dovelo, do ovih nesretnih doga\u0111aja ipak nije do\u0161lo &#8220;neizazvano&#8221; i &#8220;bez ikakvog razloga&#8221;, kao \u0161to to tvrdi dio propagande zapadnih medija i politi\u010dkih elita, kao i &#8216;Deklaracija o Ukrajini&#8217; koju je izglasao Hrvatski sabor.\u201c<\/em><\/p><\/blockquote>\n<p>Ne\u0161to bla\u017ee <a href=\"https:\/\/www.radnickafronta.hr\/1723-za%C5%A1to-smo-suzdr%C5%BEani-oko-pitanja-deklaracije-o-ukrajini\">obrazlo\u017eenje<\/a> dano je kasnije i na stranicama <em>\u201eRadni\u010dke fronte\u201c<\/em>.<\/p>\n<p>Svijet je i prije ruske invazije na <em>Ukrajinu<\/em> bio podvrgnut nezapam\u0107enom pritisku <em>Zapada<\/em> predvo\u0111enog <em>Sjedinjenim Dr\u017eavama<\/em>, o \u010demu sam pisao i prije po\u010detka ratnih djelovanja, kao i poslije za\u010detka krvave morije (<em><a href=\"https:\/\/magazinplus.eu\/ladislav-babic-rusija-vs-ukrajina-u-namjestenoj-utakmici\/\">\u201eRusija vs Ukrajina u namje\u0161tenoj utakmici\u201c<\/a><\/em>):<\/p>\n<p>\u201eNema nikakve diskrepancije izme\u0111u ruskog priznanja dviju republika, i daljnjeg pozivanja na diplomatsko rje\u0161enje krize. <em>Rusija<\/em> naprosto poja\u010dava pritisak na <em>Zapad<\/em>, koji \u2013 ili glup (\u0161to je malo vjerojatno), ili zbog vlastitih interesa \u2013 ne odustaje odbijati dva fundamentalna zahtjeva <em>Rusije<\/em>:<\/p>\n<ul>\n<li>da se <em>NATO<\/em> preko <em>Ukrajine<\/em> ne pribli\u017eava ruskim granicama, \u0161to je uostalom bilo i obe\u0107ano <em>Gorba\u010dovu<\/em><\/li>\n<\/ul>\n<ul>\n<li>da <em>Ukrajina<\/em> povede pregovore sa dvije pokrajine s ve\u0107inskim ruskim stanovni\u0161tvom, \u0161to je jedna od stavki sporazuma iz <em>Minska<\/em><\/li>\n<\/ul>\n<p><em>Ukrajina<\/em> je to odbijala, pod izgovorom da to ne \u017eeli u\u010diniti kad su ruske trupe na njenoj granici (s ruske strane!) \u2013 odbijanje koje predstavlja nepridr\u017eavanje sporazuma. <em>Zapad<\/em>, sa svoje strane, kr\u0161i usmeni dogovor s <em>Gorba\u010dovom<\/em>. <em>Putin<\/em> poja\u010dava pritisak, a <em>Zapad<\/em> \u2013 do grla umije\u0161an u doga\u0111aje na <em>Majdanu<\/em> (dr\u017eavni udar) \u2013 misli da \u0107e mo\u0107i sankcijama ostvariti svoje interese, ne vode\u0107i ra\u010duna o ruskima. Istina, priznavanjem nezavisnosti dviju republika <em>Putin<\/em> se doveo u te\u0161ku situaciju, jer to te\u0161ko mo\u017ee povu\u0107i, bilo kakvom se diplomacijom koriste\u0107i. Da to u\u010dini, u ruskim bi o\u010dima izgledao kao izdajnik \u2013 \u0161to si ne mo\u017ee dozvoliti. <em>Krim<\/em> je ovdje posebni problem, no trenutne napetosti nisu nastale zbog njega. Ve\u0107 samo pona\u0161anje <em>Zapada<\/em> koji prijeti i primjenjuje sankcije (\u0161to i njemu mo\u017ee \u0161koditi, a <em>Rusija<\/em> \u0107e se okrenuti drugim partnerima; primjerice, plin mogu prodati kome \u017eele, po daleko konkurentnijim cijenama nego \u0107e <em>Zapad<\/em> biti prisiljen pla\u0107ati <em>Amerima<\/em>), istovremeno govore\u0107i da ne\u0107e ulaziti u oru\u017eani sukob sa <em>Rusijom<\/em> (bar zrno pameti na djelu, jer bi u protivnom sve vodilo tre\u0107em svjetskom ratu!), pokazuje i dokazuje da su <em>Ukrajinci<\/em> tek sitni\u0161 u ostvarivanju zapadnih (i ruskih, ali prvenstveno zapadnih) interesa. Jo\u0161 \u0107e se oni tu\u0107i po svojim blesavim glavama, kad uvide kuda ih je dovelo povjerenje prema <em>Zapadu<\/em> i <em>NATO<\/em> paktu!\u201c<\/p>\n<p>Da <em>Zapad<\/em>, pravdaju\u0107i to s pomo\u0107i napadnutoj <em>Ukrajini<\/em>, namirisav\u0161i svoju \u0161ansu ne preza ni od \u010dega, svjedo\u010de i <a href=\"https:\/\/balkans.aljazeera.net\/videos\/2022\/4\/15\/naoruzavanje-srbije-dio-nabavki-netransparentan\">zamjerke <em>Srbiji<\/em><\/a> \u2013 da je <em>&#8220;Kineski i Ruski saveznik koji ugro\u017eava mir u regionu&#8221;<\/em> &#8211; na uvoz oru\u017eja iz <em>Kine<\/em>, prema ugovoru sklopljenom jo\u0161 <em>2019-te godine<\/em> (<em>Srbija<\/em> uvozi uoru\u017eje sa sviju strana, uklju\u010divo i onu <em>\u201ezapadnu\u201c<\/em>), ali nisu im pale na pamet optu\u017ebe <em>Hrvatske<\/em> prilikom kupovine <em>francuskih Rafala<\/em>. Ovo je naprosto neutralna, logi\u010dka konstatacija, kontra tvrdnji da <em>Zapad<\/em> ne vr\u0161i pritisak na <em>Srbiju<\/em>. Ili si s nama, ili protiv nas \u2013 tre\u0107eg puta prozapadne dr\u017eave ne priznaju! Ministar hrvatske vlade poru\u010dio je kupcima koji se \u017eale da trgovci nakon vladinih mjera (smanjenje <em>PDV<\/em>-a etc) ne sni\u017eavaju cijene \u2013 neka odu u neku drugu trgovinu koja ih je snizila. Valjda onda sli\u010dnu slobodu imaju i kupci oru\u017eja, a ne da im <em>Zapad<\/em> odre\u0111uje \u0161to, gdje, kako i kada smiju kupovati! Valja spomenuti i da su se do sada \u0161ute\u0107e dr\u017eave \u2013 <em>BiH<\/em> (objektivno, samo <em>Federacija BiH<\/em>) i <em>Crrna Gora<\/em> (\u010dlanica <em>NATO<\/em>) \u2013 kao po diktatu odmah uzjogunile staju\u0107i na stranu osude <em>Srbije<\/em>.<\/p>\n<p>Hipokrizija <em>Zapada<\/em>, prvenstveno \u010dlanica <em>NATO<\/em> pakta, ogleda se na mno\u0161tvo na\u010dina. Takvo jedinstvo njihovo nije se manifestiralo kad su same \u2013 a napose njihov vo\u0111a, <em>Amerika<\/em> \u2013 ratovale \u0161irom svijeta, kao ni u odnosu prema izbjeglicama koje valjda <a href=\"https:\/\/balkans.aljazeera.net\/opinions\/2022\/4\/10\/zasto-je-evropa-odjednom-tako-zainteresovana-da-pomogne-izbjeglicama\">tretiraju prema boji ko\u017ee<\/a>, \u0161to potvr\u0111uju mnogi primjeri od kojih izdvajam onaj <em>Hrvatske<\/em>, <em>Poljske<\/em> i <em>Ma\u0111arske<\/em> (koja se protiv <em>\u201eobojenih\u201c<\/em> ogradila \u017eilet \u017eicom), dok istovremeo primaju na stotine tisu\u0107a <em>Ukrajinaca<\/em>. Upravo je rasizam najbitniji faktor koji odre\u0111uje sudbinu izbjeglica i migranata. Za spoznaju toga ne treba biti posebno pametan, ve\u0107 samo iskren. Priznati samom sebi i drugima latentni rasizam koji tinja u bijelom malogra\u0111aninu. Svakodnevno ga sre\u0107em u odnosu prema <em>Romima<\/em>. Ni\u0161ta tu ne zna\u010de dr\u017eavne politike, ustavi, zakoni, socijalni programi, donacije romskim manjinama i ine <em>&#8220;podr\u0161ke&#8221;<\/em> koje ostavljaju utisak civiliziranosti pred podjednako rasisti\u010dkim svijetom. Sve se to slama u vidljivoj praksi, ali je rijetko tko priznaje i naziva pravim imenom! Pitanje je tek koliko iskrenosti i empatije mo\u017eemo pokazati u konkretnom slu\u010daju. Bijeli suprematizam je prisutan posvuda, u podsvijesti ve\u0107ine gra\u0111ana, koji prema vani osu\u0111uju rasizam, zadr\u017eavaju\u0107i ga u intimnoj sferi, \u0161to u posebnim prilikama javno bukne, nikada ne priznaju\u0107i da se radi upravo o tome.<\/p>\n<p>Upravo kontekst zbivanja je ono \u0161to pojednostavitelji tuma\u010denja nikako da shvate, namjerno ili to nisu mentalno sposobni. Kad se <em>Rusija<\/em>, jo\u0161 i prije agresije (koju ona naziva <em>\u201especijalnom operacijom\u201c<\/em>) pozvala \u2013 me\u0111u inim &#8211; na svoju ugro\u017eenost \u0161irenjem <em>NATO<\/em> pakta do svojih granica, suprotno usmenom obe\u0107anju <em>Zapada<\/em>, onda se to tretira kao bezo\u010dna izlika za invaziju, ali\u2026 Kako tretirati <em>ameri\u010dku <a href=\"https:\/\/sh.wikipedia.org\/wiki\/Kubanska_raketna_kriza\">blokadu Kube<\/a><\/em> (koja traje do danas) i ruske flote koja je prevozila ruske rakete naoru\u017eane nuklearnim bojevim glavama u blizinu ameri\u010dkih granica? Zar se <em>SAD<\/em> smije osjetiti ugro\u017eenom, a <em>Rusija<\/em> ne? Tuma\u010denja koja izbjegavaju sveukupni kontekst zbivanja pojednostavlju\u0107i stvari u vidu, da <em>\u201esvaka suverena dr\u017eava smije odlu\u010divati ho\u0107e li ili ne\u0107e u\u0107i u NATO, te od koga \u0107e kupovati oru\u017eje\u201c<\/em>, slamaju se na primjerima suverenih <em>Kube<\/em> i <em>Srbije<\/em>. <em>\u201eQuod licet iovi, non licet bovi\u201c<\/em> je misao vodilja <em>Amerike<\/em> i njenih zapadnih sljedbenika, koji se zaklinju a zapadnja\u010dku, kapitalisti\u010dku parlamentarnu demokraciju, slobode koja ona navodno pru\u017ea, te temeljem toga \u017eele prevladu nad narodima koji se s time ne sla\u017eu iz raznoraznih razloga (politi\u010dkih, kulturalnih, tradicijskih,\u2026). Nitko im ne brani da svoju demokraciju upra\u017enjavaju unutar vlastitih granica, ali neka prepuste drugima da sami o tome odlu\u010de, kao \u0161to i oni neka puste zapadnjacima da sami \u2013 milom ili silom \u2013 mijenju svoj sistem kad im se vi\u0161e ne svidi. A da to nije realna politika <em>\u201ezapadne civilizacije\u201c<\/em> koja \u0107e nastojati svoju praksu prikriti pozivanjima na humanisti\u010dke i mirotvorne ideje, navodno uro\u0111enih <em>Evropi<\/em>, najbolje je razmotriti prou\u010davanjem <a href=\"https:\/\/de.wikipedia.org\/wiki\/Liste_von_Kriegen\">liste ratova<\/a> koji su vo\u0111eni tijekom svjetske povijesti, a naro\u010dito poslije <em>1795-te<\/em> i \u0161tampanja <em>Kantovog<\/em> djela <em><a href=\"https:\/\/www.scribd.com\/doc\/59716960\/Imanuel-Kant-Prema-Vjecnom-Miru\">\u201ePrema vje\u010dnom miru\u201c<\/a><\/em>. Da se ne ode u \u0161irinu prou\u010davaju\u0107i kolonijalne ratove <em>Evropljana<\/em>, \u010dijem mirotvorstvu proturje\u010di stoljetna praksa, pogledajmo <a href=\"https:\/\/en.wikipedia.org\/wiki\/List_of_wars_involving_the_United_States\">ratove koje je vodila <em>Amerika<\/em><\/a>, s obzirom da je <em>Evropa<\/em> uglavnom njen cuko koji laje \u010dim gazda pritegne <em>\u201edemokratsku\u201c<\/em> uzicu. Kako <a href=\"https:\/\/www.jutarnji.hr\/vijesti\/svijet\/sokantno-amerika-ne-zna-sto-je-to-mir-od-239-godina-postojanja-sad-su-provele-cak-222-godine-u-ratu-482758\">navodi<\/a> <em>\u201eJutarnji list\u201c<\/em> :<\/p>\n<blockquote><p><em>\u201eOd 1776. do 2015. &#8211; u 239 godina postojanja &#8211; SAD su bile u ratu \u010dak 222 godine. Ukupno je samo 17 godina ameri\u010dke povijesti pro\u0161lo bez ve\u0107ih ratova. Niti jedan predsjednik SAD-a nije bio mirnodopski predsjednik, svaki od 44 dosada\u0161nja predsjednika barem je dio svoje vladavine proveo kao ratni predsjednik.\u201c<\/em><\/p><\/blockquote>\n<p><em>Amerika<\/em> je nakon <em>2.svjetskog rata<\/em> tretirana kao samopostavljeni <em>\u201esvjetski policajac\u201c<\/em>, koji intervenira sa ili bez odobrenja jedine svjetske organizacije kojoj za to ima mandat \u2013 <em>OUN<\/em>. Cijeli <em>Zapad<\/em>, uz ve\u0107 spomenute guzolizne dr\u017eave poput regionalnih, koje ve\u0107 jesu ili streme postati \u010dlanice <em>NATO<\/em>, namjesto da ja\u010da ulogu <em>UN<\/em> i vojno sudjeluje isklju\u010divo u operacijama koje ona odobri, stvorio je neformalni vojni savez koji djeluje prema vlastitom (uglavnom ameri\u010dkom) naho\u0111enju. <a href=\"https:\/\/balkans.aljazeera.net\/opinions\/2021\/9\/4\/naredni-rat-amerike-gdje-i\">\u010clanak<\/a> <em>\u201eNaredni rat Amerike \u2013 gdje i kada?\u201c<\/em> dobar je letimi\u010dni pregled ameri\u010dkih ratova tijekom njenog postojanja kao dr\u017eave:<\/p>\n<blockquote><p><em>\u201eOd svog osnivanja 4. jula 1776. godine kao nove nezavisne dr\u017eave, Sjedinjene Ameri\u010dke Dr\u017eave (SAD) nisu prestale voditi ratove i boriti se u bitkama gotovo bez prestanka u razli\u010ditim regijama svijeta\u2026 Naredni dani i godine \u0107e pokazati je li utoljena \u017ee\u0111 Amerike za borbama nakon neuspjeha u ratovima u Afganistanu i Iraku, ili smo sve bli\u017ee ratu s kojim se \u010dovje\u010danstvo nikad ranije nije susrelo.\u201c <\/em><\/p><\/blockquote>\n<p>Jeli to ovaj rat, koji <em>Amerika<\/em> nazivno ne vodi (kao \u0161to <em>Srbija<\/em> nije priznavala u\u010de\u0161\u0107e u ratovima prilikom raspada <em>Jugoslavije<\/em>), tek preostaje da se vidi. Kad pak <em>Miljenko Jergovi\u0107<\/em> u svojem <a href=\"https:\/\/www.autograf.hr\/slusajuci-putina-covjek-se-pocinje-osjecati-kao-ukrajina\/\">tekstu<\/a> ka\u017ee:<\/p>\n<blockquote><p><em>&#8220;Toliko nas je i tako obilje\u017eilo da mnogi od nas vi\u0161e i ne primje\u0107uju \u0161to to zapravo nije u redu s Putinovim govorom, osim \u0161to se iza njega naslu\u0107uje ne\u0161to \u0161to bi moglo vrlo temeljito izmijeniti na\u0161e \u017eivote i \u0161to bi, ako smo jo\u0161 u stanju misliti o zajednici, moglo dokraj\u010diti ne samo ideju ujedinjene Europe, nego i Europu kao relativno kultiviran, demokracijom obilje\u017een prostor na kojemu se stolje\u0107ima bolje \u017eivjelo nego u Africi ili u dubokoj Aziji, i gdje su ubijanje ljudi ili umiranje od gladi i od siroma\u0161tva predstavljali odmak od svakodnevice i iznevjerenje dru\u0161tvenih ideala.&#8221;<\/em>,<\/p><\/blockquote>\n<p>kao da nema pojma \u0161to govori, vjerojatno zaslijepljen stravi\u010dnim posljedicama rata. <em>Evropa<\/em> je bila pokreta\u010dica dva svjetska rata, da ne spominjemo kolonijalne ratove u kojima je domoroce tamanila kao \u0161takore. \u0160to je u najve\u0107oj mjeri i uzrok umiranja od gladi i bole\u0161tina u dana\u0161njoj <em>&#8220;Africi ili u dubokoj Aziji&#8221;<\/em>, uz jadne prilike u <em>Latinskoj<\/em> i <em>Ju\u017enoj Americi<\/em>. I ratovi na tlu biv\u0161e <em>Jugoslavije<\/em> su bili na evropskom tlu, a mogu\u0107e ona <em>Rusiju<\/em> ni ne smatra evropskom (evro-azijskom) dr\u017eavom? <em>Jergovi\u0107<\/em> takvu <em>Evropu<\/em>, razvijaju\u0107u se na genocidima, naziva <em>&#8220;relativno kultiviranom&#8221;<\/em>.<\/p>\n<p>Ne eskulpiraju\u0107i <em>Rusiju<\/em> krivnje za krvavi rat protiv <em>Ukrajine<\/em>, va\u017eno je shvatiti cjelokupni me\u0111unarodni kontekst koji ga je pokrenuo i u kojem se odvija, a napose \u010dinjenicu da je to njen rat protiv <em>Zapada<\/em> (ili obrnuto, ako ho\u0107ete) objedinjenog oko <em>NATO<\/em> saveza koji predvodi najratobornija zemaljska dr\u017eava. Svijet ima sre\u0107u, \u0161to \u2013 barem za sada \u2013 politi\u010dari <em>Zapada<\/em> dr\u017ee na umu \u010dinjenicu da je <em>Rusija<\/em> nuklearna velesila, te se u strahu ne upli\u0107u direktno u rat, ali to \u010dine liferacijom oru\u017eja (\u0161to \u0107e jednom naplatiti, jer kapitalizam ni\u0161ta ne daje d\u017eabe) i sankcijama. Ali i spoznajom <em>Rusije<\/em> kako \u2013 ne \u017eeli li izazvati svjetsku apokalipsu (<em>\u201cNe znam koje \u0107e oru\u017eje \u010dovje\u010danstvo koristiti u tre\u0107em svjetskom ratu, ali \u010detvrti svjetski rat \u0107e se sigurno voditi toljagama i kamenjem.\u201d<\/em>, <em>Einstein<\/em>) \u2013 mora paziti da ne djeluje direkto protiv \u010dlanica saveza, obvezanima na uzajamnu obranu, mada su politi\u010dki ugovori uglavnom pisani <em>\u201epo vodi\u201c<\/em>, pa propadaju kad <em>\u201evelikima\u201c<\/em> vi\u0161e ne odgovaraju. Primjer pak britanskih specijalaca koji obu\u010davaju ukrajinske snage, kako <a href=\"https:\/\/www.index.hr\/vijesti\/clanak\/elitni-britanski-specijalci-u-kijevu-obucavaju-ukrajinske-vojnike-pise-times\/2356693.aspx?index_ref=naslovnica_vijesti_ostalo_d\">navodi londonski <em>\u201eTimes\u201c<\/em><\/a>, ukazuje da je <em>Zapad <\/em>ograni\u010deno direktno involviran na terenu, u operacije ukrajinske vojske.<\/p>\n<p>Licemjerje, a ne humanizam, <em>Zapada<\/em> o\u010dituje se i u blokadi ve\u0107ine ruskih i proruskih medija, \u0161to je dio \u2013 mnogima shvatljiv, ali ne i onima koji bi izme\u0111u proturje\u010dnih izvje\u0161taja s boji\u0161ta samostalno htjeli zaklju\u010divati o istini \u2013 propagandnog rata usmjerenog dresuri ljudskih du\u0161a. <em>Evropska unija<\/em>, ne ba\u0161 jednodu\u0161no, slijedi ameri\u010dke pozive na sankcije (sad je ve\u0107 na snazi njihov <a href=\"https:\/\/www.consilium.europa.eu\/hr\/press\/press-releases\/2022\/04\/08\/eu-adopts-fifth-round-of-sanctions-against-russia-over-its-military-aggression-against-ukraine\/\">peti krug<\/a>), bez obzira \u0161to ju bolno poga\u0111aju (naro\u010dito glede energenata o kojima ovise od <em>Rusije<\/em>), dok se <em>Amera<\/em> one doti\u010du tek u mjeri vlastite koristi od njih. <em>SAD<\/em> su donijele zakon o zabrani uvoza ruske nafte &#8211; s odgodom na postoje\u0107e ugovore od <em>45 dana<\/em>, a <a href=\"https:\/\/www.geopolitika.news\/analize\/z-meter-slobodni-pad-u-odnosima-zapad-rusija-kao-siguran-put-u-kaos\/\">ukinule sankcije<\/a> na uvoz umjetnih gnojiva (<a href=\"https:\/\/home.treasury.gov\/system\/files\/126\/russia_gl6a.pdf\">1<\/a>) i telekomunikacijske te internetske opreme (<a href=\"https:\/\/home.treasury.gov\/system\/files\/126\/russia_gl25.pdf\">2<\/a>). Istovremeno, sinhronizirano s <em>Ukrajinom<\/em>, tra\u017ei od <em>EU<\/em> da prekine uvoz ruske nafte, ugljena i \u2013 \u0161to je naro\u010dito bolno za nju \u2013 prirodnog plina, od <a href=\"https:\/\/www.statista.com\/chart\/26768\/dependence-on-russian-gas-by-european-country\/\">uvoza<\/a> kojega mnoge evropske ekonomije prosperiraju:<\/p>\n<p>I tu dolazimo do uzroka rata izme\u0111u <em>Rusije<\/em> i <em>Zapada<\/em>, preko le\u0111a <em>Ukrajinaca<\/em>. Uvijek ka\u017eem da ni jedan rat u povijesti nije po\u010deo velikih ideala radi, ve\u0107 iz mnogo prozai\u010dnijeg razloga \u2013 materijalnog. Prisjetimo se ameri\u010dkog protivljenja izgradnji plinovoda <em>\u201eSjeverni tok 2<\/em>\u201c, obrazlagano upozorenjima o potrebi diverzifikacije snabdijevanja, skrivaju\u0107i iza le\u0111a ve\u0107 spremne ugovore o izvozu vlastitog, vi\u0161estruko skupljeg ukapljenog plina, dobijenog ekolo\u0161ki \u0161tetnim <a href=\"https:\/\/hr.wikipedia.org\/wiki\/Hidrauli%C4%8Dko_frakturiranje\">hidrauli\u010dnim fraktuiranjem<\/a>. Kako joj spre\u010davanje izgradnje plinovoda, prvenstveno zalugom <em>njema\u010dke kancelarke Merkel<\/em> (kojoj su sudr\u017eavljani pjevali pohvalnice, a sada po\u010dinju pljuvati po njoj) nije uspjelo, i njegovo pu\u0161tanje u pogon bilo je tek pitanje tjedana ili mjeseci, <em>Americi<\/em> je trebao uvjerljiv razlog da to sprije\u010di. S druge strane, <em>Rusija<\/em> je svakako svijesna zna\u010daja <em>Ukrajine<\/em> kao <a href=\"https:\/\/www.pig333.com\/latest_swine_news\/what-role-does-ukraine-play-in-the-world-trade-of-raw-materials_18167\/\">\u017eitnice<\/a> i izvora mnogih <a href=\"https:\/\/ukrainetrek.com\/about-ukraine-nature\/ukraine-natural-resources\">mineralnih sirovina<\/a> (u ratnoj zoni su prona\u0111ene velike zalihe rijetkog elementa litija, koji se upotrebljava u organskim sintezama, metalurgiji i analiti\u010dkoj kemiji, mazivima, za suhe baterije koje rade na vrlo niskim temperaturama, u nuklearnoj fizici, itd), te nije dopu\u0161tala njenu orijentaciju isklju\u010divo na <em>Zapad<\/em>, nemaju\u0107i ni\u0161ta protiv da sura\u0111uje i sa njim, uz uvjet neula\u017eenja u <em>NATO<\/em>. Vjerovali ili ne, neovisno o moralu, u politici postoje interesne zone koje velesile brane svim raspolo\u017eivim sredstvima, usput se nastoje\u0107i pro\u0161iriti u tu\u0111e atare vezuju\u0107i zavisne dr\u017eave uz sebe. Interes (korist) je u politici \u2013 posebno u kapitalizmu &#8211; osnovni kredo koji pokre\u0107e djelovanja, i poku\u0161a li vas netko zavesti uzvi\u0161enim rije\u010dima, iza njih se uglavnom skriva banalni, profitabilni probitak. Svakako da u <em>Ukrajini<\/em> ima u vlasti inkorporiranih <a href=\"https:\/\/twitter.com\/SocialistMMA\/status\/1512062248771936259\">nacisti\u010dkih<\/a> elemenata (kao u <em>Hrvatskoj<\/em>, primjerice), a njeno nastojanje ulaska u <em>NATO<\/em> bilo je nerazumno, kao da ne razumiju politi\u010dki i aktualno povijesni kontekst postojanja dr\u017eave. <em>Ukrajinska<\/em> diplomacija sasvim je zakazala, jer sada \u2013 izlo\u017eeni raketnim i pje\u0161adijskim napadima \u2013 pristaju na ono \u0161to su u vrijeme mira odbijali. U pogledu teritorijalnih gubitaka pi\u0161i ku\u0107i propalo, jer su odbijali razgovore o polo\u017eaju <em>Donjecka<\/em> i <em>Luganska<\/em> (te o ruskom jeziku) unutar <em>Ukrajine<\/em>, prije no ih je <em>Rusija<\/em> priznala kao nezavisne dr\u017eave koje \u0107e joj se poput <em>Krima<\/em> &#8211; objedinjene u vjerojatno osvojeni <em>Donbas<\/em> \u2013 kad-tad priklju\u010diti.<\/p>\n<p>Nije ovaj tekst ni proruski ni antiukrajinski, ve\u0107 temeljem analiza upu\u0107enijih i relevantnijih autora, nastoji ukazati na \u010dinjenicu kako je daleko od istine da je rije\u010d o <em>\u201eni\u010dim izazvanom\u201c<\/em> ratu. Bez obzira na kona\u010dni ishod, <em>Zapad<\/em> mo\u017ee slaviti pobjedu, a neki promatra\u010di sa strane &#8211; ne pridru\u017euju\u0107i se sankcijama &#8211; tra\u017ee hitno zaustavljanje agresije i diplomatsko rje\u0161enje problema, shva\u0107aju\u0107i da \u0107e u slu\u010daju totalnog poraza <em>Rusije<\/em>, oni biti slijede\u0107i na ameri\u010dkom jelovniku. <em>Kina<\/em> prvenstveno, pa stoga nije \u010dudno ja\u010danje kinesko-ruskog <em>\u201eprijateljstva\u201c<\/em> u odupiranju zapadnoj (ameri\u010dkoj) svjetskoj prevladi. Prosje\u010dni gra\u0111ani nemaju osje\u0107aja za povijesno vrijeme, niti filtere dovoljne rezolucije da se sna\u0111u u \u010dinjenicama. Oni reagiraju na agresiju emotivno, nesposobni sprije\u010diti je, jer se opredjeljuju priklanjanjem navodno manjem zlu. Demokratski ti nudim metak ili om\u010du, a ti si slobodan izabrati. Malo ih je sposobno opredijeliti se za tre\u0107u opciju (\u010dak i <em>Finska<\/em> te <em>\u0160vedska<\/em>, pod pritiskom razmatraju <a href=\"https:\/\/balkans.aljazeera.net\/news\/world\/2022\/4\/14\/grusko-mjere-rusije-ako-svedska-i-finska-udju-u-nato\">napu\u0161tanje neutralnog statusa<\/a>, iako su se u okviru njega izvanredno razvijale), pored dviju ponu\u0111enih. Kao \u0161to <a href=\"https:\/\/www.portalnovosti.com\/paul-stubbs-svijetu-nedostaje-jak-pokret-nesvrstanih\">ka\u017ee<\/a> <em>Paul Stubs<\/em> (o \u010demu sam i ja <a href=\"https:\/\/magazinplus.eu\/ladislav-babic-doso-vrag-po-svoje\/\">pisao<\/a>), uglavnom nailaze\u0107i na gluhe u\u0161i:<\/p>\n<blockquote><p><em>\u201ePokret nesvrstanih je te\u017eio stvaranju nove ere jednakosti u me\u0111unarodnim odnosima temeljenim na suverenitetu, nezavisnosti, samoopredjeljenju i teritorijalnom integritetu, promoviranju neutralnosti u unutarnjim poslovima drugih dr\u017eava, generalnom i cjelovitom razoru\u017eanju te mirnom rje\u0161avanju sporova na temelju povelje UN-a. Bila je to politika stvorena iz protuimperijalisti\u010dkih i antikolonijalnih ciljeva i borbi. S druge strane, suo\u010davamo se s novostvorenim i sve stra\u0161nijim oblicima neoimperijalizma i neokolonijalnih dominacija\u2026 Nisam siguran je li svijet u kojem dominira nekoliko dr\u017eava, uklju\u010duju\u0107i Indiju i Kinu, u me\u0111usobnoj borbi za hegemoniju, povoljniji od bipolarnog svijeta gdje se nesvrstanost predstavlja kao kontrasila. Danas imamo tzv. realpolitiku na temelju mo\u0107i koja je, kao \u0161to sada vidimo, poprili\u010dno stra\u0161na.\u201c<\/em><\/p><\/blockquote>\n<p>U svojoj nemo\u0107i sprije\u010diti ratove, narodi okrivljuju jedni druge, a kad morija po\u010dne, masovno se mole bogu za njen zavr\u0161etak, i tako ve\u0107 hiljadama godina. Istovremeno se odazivaju\u0107i na prvi poziv za mobilizaciju. Kad u bogomoljama molitelji za prestanak rata slijede sli\u010dne <a href=\"https:\/\/www.glas-koncila.hr\/uz-ovogodisnju-poruku-marijina-uznesenja-covjek-je-neugroziv\/\">rije\u010di<\/a> kakve je <em>\u201eGlas Koncila\u201c<\/em> svojedobno u svom uvodniku uputio povodom koronavirusne pandemije:<\/p>\n<blockquote><p><em>\u201ePogled na \u010dovjeka i \u017eivot u svjetlu svetkovine Marijina uznesenja dakle relativizira ugrozu tijela odnosno zdravlja jer poruka te svetkovine jam\u010di da je ljudsko tijelo zapravo neugrozivo, a svaka bolest, pa i eventualna zaraza koronavirusom, tek prolazni incident koji ni na koji na\u010din ne mo\u017ee ugroziti vje\u010dnu proslavu \u010dovjeka.\u201c<\/em><\/p><\/blockquote>\n<p>valjda se nadaju\u0107i kako, meci i geleri <em>\u201ene mogu ugroziti vje\u010dnu proslavu \u010dovjeka\u201c<\/em>, koji \u0107e se valjda negdje oko <em>Uskrsa<\/em> povratiti u \u017eivot, \u0161to vi\u0161e re\u0107i. A potom, kad morija zavr\u0161i, zahvaljuju <em>Svevi\u0161njemu<\/em> kao da je upravo metafizi\u010dki entitet \u010duo njihove vapaje i usli\u0161io ih, smatraju\u0107i ga potom <em><a href=\"https:\/\/www.sbperiskop.net\/kolumne\/ladbab\/ladislav-babic-cekajuci-spasitelja\">Spasiteljem<\/a><\/em> umjesto sebe bedacima. Pa onda <em>\u201eJovo <a href=\"https:\/\/www.antenazadar.hr\/clanak\/2015\/09\/medunarodni-dan-mira-u-3400-godina-ljudi-su-u-miru-proveli-samo-268-godina\/\">nanovo<\/a>\u201c<\/em>, kao ve\u0107 tisu\u0107lje\u0107ima ljudske povijesti. Samo \u0107e zara\u0107ene strane imati druk\u010dija imena.<\/p>\n<p>magazinplus.eu<\/p>\n","protected":false},"excerpt":{"rendered":"<p>\u00a0\u00a0\u00a0\u00a0\u00a0\u00a0\u00a0 Nije ovaj tekst ni proruski ni antiukrajinski, ve\u0107 temeljem analiza upu\u0107enijih i relevantnijih autora, nastoji ukazati na \u010dinjenicu kako je daleko od istine da je rije\u010d o \u201eni\u010dim izazvanom\u201c ratu<\/p>\n","protected":false},"author":1,"featured_media":283867,"comment_status":"open","ping_status":"closed","sticky":false,"template":"","format":"standard","meta":{"_seopress_robots_primary_cat":"","_seopress_titles_title":"","_seopress_titles_desc":"","_seopress_robots_index":"","_et_pb_use_builder":"","_et_pb_old_content":"","_et_gb_content_width":"","inline_featured_image":false,"footnotes":""},"categories":[5],"tags":[1438],"class_list":["post-343405","post","type-post","status-publish","format-standard","has-post-thumbnail","hentry","category-drugi-pisu","tag-rusko-ukrajinski-rat"],"_links":{"self":[{"href":"https:\/\/www.pcnen.com\/portal\/wp-json\/wp\/v2\/posts\/343405","targetHints":{"allow":["GET"]}}],"collection":[{"href":"https:\/\/www.pcnen.com\/portal\/wp-json\/wp\/v2\/posts"}],"about":[{"href":"https:\/\/www.pcnen.com\/portal\/wp-json\/wp\/v2\/types\/post"}],"author":[{"embeddable":true,"href":"https:\/\/www.pcnen.com\/portal\/wp-json\/wp\/v2\/users\/1"}],"replies":[{"embeddable":true,"href":"https:\/\/www.pcnen.com\/portal\/wp-json\/wp\/v2\/comments?post=343405"}],"version-history":[{"count":1,"href":"https:\/\/www.pcnen.com\/portal\/wp-json\/wp\/v2\/posts\/343405\/revisions"}],"predecessor-version":[{"id":343406,"href":"https:\/\/www.pcnen.com\/portal\/wp-json\/wp\/v2\/posts\/343405\/revisions\/343406"}],"wp:featuredmedia":[{"embeddable":true,"href":"https:\/\/www.pcnen.com\/portal\/wp-json\/wp\/v2\/media\/283867"}],"wp:attachment":[{"href":"https:\/\/www.pcnen.com\/portal\/wp-json\/wp\/v2\/media?parent=343405"}],"wp:term":[{"taxonomy":"category","embeddable":true,"href":"https:\/\/www.pcnen.com\/portal\/wp-json\/wp\/v2\/categories?post=343405"},{"taxonomy":"post_tag","embeddable":true,"href":"https:\/\/www.pcnen.com\/portal\/wp-json\/wp\/v2\/tags?post=343405"}],"curies":[{"name":"wp","href":"https:\/\/api.w.org\/{rel}","templated":true}]}}