{"id":343158,"date":"2022-04-14T21:02:18","date_gmt":"2022-04-14T19:02:18","guid":{"rendered":"https:\/\/www.pcnen.com\/portal\/?p=343158"},"modified":"2022-04-14T21:04:28","modified_gmt":"2022-04-14T19:04:28","slug":"calovic-markovic-vesnu-medenicu-je-najteze-optuzio-sin","status":"publish","type":"post","link":"https:\/\/www.pcnen.com\/portal\/2022\/04\/14\/calovic-markovic-vesnu-medenicu-je-najteze-optuzio-sin\/","title":{"rendered":"\u0106alovi\u0107 Markovi\u0107: Vesnu Medenicu je najte\u017ee optu\u017eio sin"},"content":{"rendered":"<p>Prema njenim rije\u010dima, Specijalno tu\u017eila\u0161tvo mora da odgovori da li \u0107e biti otvorena detaljna istraga za\u0161to nisu kori\u0161\u0107ene mjere tajnog nadzora i kako je Milo\u0161 Medenica uspio da pobjegne.<\/p>\n<p>\u201c Vesna Medenica se raspitivala u SDTu o slu\u010daju istrage o osobi koja je u\u010destvovala u napadu na Oliveru Laki\u0107 i o tome postoji slu\u017ebena zabilje\u0161ka koju je sa\u010dinio Sa\u0161a \u010cela\u0111enovi\u0107\u201d, \u00a0dodala je ona, prenosi Dan.<\/p>\n<p>Kako je istakla, da\u00a0 je istraga u Crnoj Gori vo\u0111ena kako treba, ona bi nesporno dovela do Milo\u0161a Medenice i onda on ne bi imao priliku da pobjegne iz zemlje&#8221;.<\/p>\n<p>Navela je i da Vesna i Milo\u0161 Medenica nisu bili pod mjerama tajnog nadzora jer je postojao strah od toga \u0161ta se sve mo\u017ee \u010duti na tim snimcima.<\/p>\n<p>\u201cIsta situacija je bila i sa Svetozarom Marovi\u0107em dok je trajala istraga tzv. Budvanske grupe\u201d, dodala je \u0106alovi\u0107 Markovi\u0107.<\/p>\n<blockquote class=\"wp-embedded-content\" data-secret=\"aXzwjOYa70\"><p><a href=\"https:\/\/www.pcnen.com\/portal\/2022\/04\/07\/libertas-nastavio-da-pise-o-navodnim-kriminalnim-poslovima-sina-vesne-medenice\/\">Libertas nastavio da pi\u0161e o navodnim kriminalnim poslovima sina Vesne Medenice<\/a><\/p><\/blockquote>\n<p><iframe loading=\"lazy\" class=\"wp-embedded-content\" sandbox=\"allow-scripts\" security=\"restricted\" style=\"position: absolute; clip: rect(1px, 1px, 1px, 1px);\" title=\"&#8220;Libertas nastavio da pi\u0161e o navodnim kriminalnim poslovima sina Vesne Medenice&#8221; &#8212; PCNEN\" src=\"https:\/\/www.pcnen.com\/portal\/2022\/04\/07\/libertas-nastavio-da-pise-o-navodnim-kriminalnim-poslovima-sina-vesne-medenice\/embed\/#?secret=ZRvp0wzSQ7#?secret=aXzwjOYa70\" data-secret=\"aXzwjOYa70\" width=\"600\" height=\"338\" frameborder=\"0\" marginwidth=\"0\" marginheight=\"0\" scrolling=\"no\"><\/iframe><\/p>\n","protected":false},"excerpt":{"rendered":"<p>\u201cOd svih nas koji smo se bavili poslovima Vesne Medenice, najte\u017ee je optu\u017eio sopstveni sin\u201d, poru\u010dila je direktorica NVO MANS Vanja \u0106alovi\u0107 Markovi\u0107 gostuju\u0107i u emisiji &#8220;Na\u010disto&#8221; televiziji Vijesti.<\/p>\n","protected":false},"author":1,"featured_media":312743,"comment_status":"open","ping_status":"closed","sticky":false,"template":"","format":"standard","meta":{"_seopress_robots_primary_cat":"","_seopress_titles_title":"","_seopress_titles_desc":"","_seopress_robots_index":"","_et_pb_use_builder":"","_et_pb_old_content":"","_et_gb_content_width":"","inline_featured_image":false,"footnotes":""},"categories":[14],"tags":[],"class_list":["post-343158","post","type-post","status-publish","format-standard","has-post-thumbnail","hentry","category-vijesti"],"_links":{"self":[{"href":"https:\/\/www.pcnen.com\/portal\/wp-json\/wp\/v2\/posts\/343158","targetHints":{"allow":["GET"]}}],"collection":[{"href":"https:\/\/www.pcnen.com\/portal\/wp-json\/wp\/v2\/posts"}],"about":[{"href":"https:\/\/www.pcnen.com\/portal\/wp-json\/wp\/v2\/types\/post"}],"author":[{"embeddable":true,"href":"https:\/\/www.pcnen.com\/portal\/wp-json\/wp\/v2\/users\/1"}],"replies":[{"embeddable":true,"href":"https:\/\/www.pcnen.com\/portal\/wp-json\/wp\/v2\/comments?post=343158"}],"version-history":[{"count":2,"href":"https:\/\/www.pcnen.com\/portal\/wp-json\/wp\/v2\/posts\/343158\/revisions"}],"predecessor-version":[{"id":343160,"href":"https:\/\/www.pcnen.com\/portal\/wp-json\/wp\/v2\/posts\/343158\/revisions\/343160"}],"wp:featuredmedia":[{"embeddable":true,"href":"https:\/\/www.pcnen.com\/portal\/wp-json\/wp\/v2\/media\/312743"}],"wp:attachment":[{"href":"https:\/\/www.pcnen.com\/portal\/wp-json\/wp\/v2\/media?parent=343158"}],"wp:term":[{"taxonomy":"category","embeddable":true,"href":"https:\/\/www.pcnen.com\/portal\/wp-json\/wp\/v2\/categories?post=343158"},{"taxonomy":"post_tag","embeddable":true,"href":"https:\/\/www.pcnen.com\/portal\/wp-json\/wp\/v2\/tags?post=343158"}],"curies":[{"name":"wp","href":"https:\/\/api.w.org\/{rel}","templated":true}]}}