{"id":342860,"date":"2022-04-10T16:38:48","date_gmt":"2022-04-10T14:38:48","guid":{"rendered":"https:\/\/www.pcnen.com\/portal\/?p=342860"},"modified":"2022-04-10T16:38:48","modified_gmt":"2022-04-10T14:38:48","slug":"porodica-muamera-zukorlica-tvrdi-da-je-on-otrovan","status":"publish","type":"post","link":"https:\/\/www.pcnen.com\/portal\/2022\/04\/10\/porodica-muamera-zukorlica-tvrdi-da-je-on-otrovan\/","title":{"rendered":"Porodica Muamera Zukorli\u0107a tvrdi da je on otrovan"},"content":{"rendered":"<p>On je u obra\u0107anju javnosti, kojoj su prisustvovali brojni \u010dlanovi porodice, izjavio da su tim laboratorijama poslali uzorke na analizu, a da rezultati predstavljaju osnov za sumnju da Zukorli\u0107 nije umro prirodnom smr\u0107u.<\/p>\n<p>&#8220;Prva laboratorija utvrdila je da postoji visoka verovatno\u0107a da je testirana osoba bila otrovana te\u0161kim metalima. Druga je zaklju\u010dila da je, na osnovu uzorka koji su dobili, osoba bila otrovana hranom&#8221;, kazao je Zukorli\u0107.<\/p>\n<p>On nije precizirao o kojim laboratorijama je rije\u010d, niti iz koje su zemlje, najaviv\u0161i da \u0107e porodica o svemu blagovremeno obavje\u0161tavati javnost.<\/p>\n<p>Dodao je da \u0107e pred pravosudnim organima pokrenuti istragu radi &#8220;definitivnog utvr\u0111ivanja uzroka smrti&#8221; Muamera Zukorli\u0107a koji je obavljao funkciju potpredsjednika Skup\u0161tine Srbije.<\/p>\n<p>Biv\u0161i sand\u017ea\u010dki muftija i lider Stranke pravde i pomirenja Muamer Zukorli\u0107 preminuo je 6. novembra, u 51. godini. Kao razlog smrti tada je navo\u0111en sr\u010dani udar.<\/p>\n<blockquote class=\"wp-embedded-content\" data-secret=\"TDUmaLlbU5\"><p><a href=\"https:\/\/www.pcnen.com\/portal\/2021\/11\/06\/preminuo-muamer-zukorlic\/\">Preminuo Muamer Zukorli\u0107<\/a><\/p><\/blockquote>\n<p><iframe loading=\"lazy\" class=\"wp-embedded-content\" sandbox=\"allow-scripts\" security=\"restricted\" style=\"position: absolute; clip: rect(1px, 1px, 1px, 1px);\" title=\"&#8220;Preminuo Muamer Zukorli\u0107&#8221; &#8212; PCNEN\" src=\"https:\/\/www.pcnen.com\/portal\/2021\/11\/06\/preminuo-muamer-zukorlic\/embed\/#?secret=ObR6G5gD5h#?secret=TDUmaLlbU5\" data-secret=\"TDUmaLlbU5\" width=\"600\" height=\"338\" frameborder=\"0\" marginwidth=\"0\" marginheight=\"0\" scrolling=\"no\"><\/iframe><\/p>\n","protected":false},"excerpt":{"rendered":"<p>Predsjednik Stranke pravde i pomirenja (SPP) Usame Zukorli\u0107 je rekao danas da analize dvije inostrane laboratorije pokazuju da njegov otac, osniva\u010d te partije, Muamer Zukorli\u0107 nije umro prirodnom smr\u0107u, prenijela je agencija Beta.<\/p>\n","protected":false},"author":1,"featured_media":273281,"comment_status":"open","ping_status":"closed","sticky":false,"template":"","format":"standard","meta":{"_seopress_robots_primary_cat":"","_seopress_titles_title":"","_seopress_titles_desc":"","_seopress_robots_index":"","_et_pb_use_builder":"","_et_pb_old_content":"","_et_gb_content_width":"","inline_featured_image":false,"footnotes":""},"categories":[14],"tags":[],"class_list":["post-342860","post","type-post","status-publish","format-standard","has-post-thumbnail","hentry","category-vijesti"],"_links":{"self":[{"href":"https:\/\/www.pcnen.com\/portal\/wp-json\/wp\/v2\/posts\/342860","targetHints":{"allow":["GET"]}}],"collection":[{"href":"https:\/\/www.pcnen.com\/portal\/wp-json\/wp\/v2\/posts"}],"about":[{"href":"https:\/\/www.pcnen.com\/portal\/wp-json\/wp\/v2\/types\/post"}],"author":[{"embeddable":true,"href":"https:\/\/www.pcnen.com\/portal\/wp-json\/wp\/v2\/users\/1"}],"replies":[{"embeddable":true,"href":"https:\/\/www.pcnen.com\/portal\/wp-json\/wp\/v2\/comments?post=342860"}],"version-history":[{"count":1,"href":"https:\/\/www.pcnen.com\/portal\/wp-json\/wp\/v2\/posts\/342860\/revisions"}],"predecessor-version":[{"id":342861,"href":"https:\/\/www.pcnen.com\/portal\/wp-json\/wp\/v2\/posts\/342860\/revisions\/342861"}],"wp:featuredmedia":[{"embeddable":true,"href":"https:\/\/www.pcnen.com\/portal\/wp-json\/wp\/v2\/media\/273281"}],"wp:attachment":[{"href":"https:\/\/www.pcnen.com\/portal\/wp-json\/wp\/v2\/media?parent=342860"}],"wp:term":[{"taxonomy":"category","embeddable":true,"href":"https:\/\/www.pcnen.com\/portal\/wp-json\/wp\/v2\/categories?post=342860"},{"taxonomy":"post_tag","embeddable":true,"href":"https:\/\/www.pcnen.com\/portal\/wp-json\/wp\/v2\/tags?post=342860"}],"curies":[{"name":"wp","href":"https:\/\/api.w.org\/{rel}","templated":true}]}}