{"id":341942,"date":"2022-03-29T12:31:05","date_gmt":"2022-03-29T10:31:05","guid":{"rendered":"https:\/\/www.pcnen.com\/portal\/?p=341942"},"modified":"2022-03-29T12:31:05","modified_gmt":"2022-03-29T10:31:05","slug":"apstinenti","status":"publish","type":"post","link":"https:\/\/www.pcnen.com\/portal\/2022\/03\/29\/apstinenti\/","title":{"rendered":"Apstinenti"},"content":{"rendered":"<p>Manjinska vlada i nada ili \u201eizdaja narodne volje\u201c je jo\u0161 na \u010dekanju, dok cijene prosto divljaju, takmi\u010de se u prestizanju. Vekna hljeba ili litar mlijeka su svake sedmice ve\u0107e, gorivo je na istorijskom maksimumu. Po\u017earna sezona je po\u010dela nikad ranije, ali avioni za ga\u0161enje po\u017eara nijesu servisirani tj. osigurani, pa ne mogu obavljati svoju funkciju. Svako malo neko organizuje protest, uvijek neprijavljen, po ugledu valjda na politi\u010dke partije koje se sve bore za \u201evladavinu prava\u201c \u2013 neprijavljenim protestima; blokira se saobra\u0107aj ili prijeti raznim blokadama i radikalizacijama. Sistem funkcioni\u0161e po inerciji. Vlade nema, a ova u tehni\u010dkom mandatu je u stalnoj predizbornoj kampanji, konstantnoj me\u0111usobnoj sva\u0111i, nadgornjavanjima i podmetanjima. Skup\u0161tina je tu samo kao zdanje: ne funkcioni\u0161e, ne zasijeda, a predsjedavaju\u0107i Skup\u0161tine je \u201e\u010duvar izborne volje\u201c, kome mo\u017ee biti da je tuma\u010di i da se od njegove volje, hira ili (para) politi\u010dkog gledanja, blokira cijeli sistem zakonodavne i izvr\u0161ne vlasti.<\/p>\n<p>U takvoj situaciji odr\u017eani su izbori u Beranama i Ulcinju, na kojima su, po obi\u010daju, svi pobijedili. Jedni su pobijedili zato jer su osvojili najvi\u0161e mandata, drugi jer su zabelje\u017eili rast od 100 ili 200 odsto, tre\u0107i jer su se tek formirali kao grupa gra\u0111ana, a osvojili neke mandate, \u010detvrti jer su osvojinim mandatima niko nije nadao pa ni oni sami&#8230;<\/p>\n<p>Turisti\u010dka sezona \u2013 na kojoj se prakti\u010dno zasniva ekonomija Crne Gore, samo \u0161to nije po\u010dela, cijeli svijet je zabrinut ratom u Ukrajini, ekonomskim i politi\u010dkim posljedicama koje taj rat proizvodi, a kod nas ne postoji ni vlast, ni Vlada, ni davno umrle institucije. Najve\u0107i interes i briga \u201epo\u0161tovanog naroda, bra\u0107e i sestara\u201c, po politi\u010dkim partijama i njihovim neprikosnovenim liderima, bili su lokalni izbori u dva crnogorska, propala grada. Kada se oni zavr\u0161e tada \u0107e biti manjinska Vlada &#8211; ka\u017ee mandatar, koji time, nesvjesno, najbolje govori o ozbiljnosti, politi\u010dkoj, moralnoj i svakoj drugoj vrsti odgovornosti politi\u010dkih aktera, pa i njega samog.<\/p>\n<p>Tako, dok ozbiljne dr\u017eave, sa razvijenom ekonomijom, odgovornim politi\u010darima i visokim standardom njihovih gra\u0111ana donose krizne mjere, osmi\u0161ljavaju i sprovode planove o energetskoj i svakoj drugoj samoodr\u017eivosti, nama su najve\u0107a briga lokalni izbori, srpstvo, crnogorstvo, crkva. I patriotizam, normalno &#8211; la\u017eni.<\/p>\n<p>Ne pada mi na pamet da se u ovom tekstu osvr\u0107em na postizborne kombinatorike i mogu\u0107e koalicije na lokalnom nivou, \u0161to je poslije izbora glavna tema, kako analiti\u010dara tako politi\u010dara \u2013 sve pobjednika izbora. Jedina kombinatorika kojom \u017eelim da se bavim je uo\u010dljiva apstinencija gra\u0111ana, koji, razo\u010darani, najzad postaju svjesni da je razlika izme\u0111u vlasti i opozicije u nijansama, da je to sve isti kalup, te da im je partijski i li\u010dni interes ideja vodilja bavljenja politikom. U stvari, slobodno se mo\u017ee re\u0107i da im je to jedini interes, a ne dr\u017eava, nacija i crkva &#8211; u koje sa stalno zaklinju, \u0161to im je glavna tema \u010dak i lokalnih izbora.<\/p>\n<p>Crnoj Gori su definitivno potrebni novi ljudi, svugdje: u partijama, NVO sektoru, javnom \u017eivotu. Ovako, jednostavno, vi\u0161e ne ide, gra\u0111ani gube ili su izgubili povjerenje u sve njih &#8211; \u010dast pojedinim i rijetkim izuzecima. Potrebno je vratiti nadu, onu koja je bila ro\u0111ena 30. avgusta pretpro\u0161le godine, a koja ja na najgori na\u010din ubijena. Nju ne mogu vratiti postoje\u0107e strukture, potrebno su neke nove, iskrenije, sa druga\u010dijim pristupom politici i temama koje \u0107e im biti u fokusu, onim temama koje mu\u010de i zajedni\u010dke su za sve gra\u0111ane Crne Gore. Ako se to ne desi, iz izbora u izbora apsteinenata \u0107e biti sve vi\u0161e, \u0161to je samo naizgled upozorenje i kazna postoje\u0107im politi\u010dkim elitama. Jer, \u010dini mi se, upravo onaj najsvjesniji dio gra\u0111ana, zga\u0111en svime \u0161to se de\u0161ava na na\u0161oj javnoj sceni, apstinenciju i bojkot po\u010dinje da bira \u00a0kao na\u010din otpora. Ako se izbori svedu na izlazak partijskih \u010dlanova i simpatizera, naj\u010de\u0161\u0107e nacionalno ili vjerski ostra\u0161\u0107enih, te onih koji izbore smatraju obavezom i du\u017eno\u0107u i \u201ekoji za taj sve\u010dani dan obuku najbolje, sve\u010dano ili jedino odijelo\u201c, onda nam tek nema spasa \u2013 najebali smo gore nego \u0161to smo.<\/p>\n","protected":false},"excerpt":{"rendered":"<p>Pi\u0161e: Omer \u0160ARKI\u0106<\/p>\n","protected":false},"author":12,"featured_media":286086,"comment_status":"open","ping_status":"closed","sticky":false,"template":"","format":"standard","meta":{"_seopress_robots_primary_cat":"","_seopress_titles_title":"","_seopress_titles_desc":"","_seopress_robots_index":"","_et_pb_use_builder":"","_et_pb_old_content":"","_et_gb_content_width":"","inline_featured_image":false,"footnotes":""},"categories":[17],"tags":[],"class_list":["post-341942","post","type-post","status-publish","format-standard","has-post-thumbnail","hentry","category-blogovi"],"_links":{"self":[{"href":"https:\/\/www.pcnen.com\/portal\/wp-json\/wp\/v2\/posts\/341942","targetHints":{"allow":["GET"]}}],"collection":[{"href":"https:\/\/www.pcnen.com\/portal\/wp-json\/wp\/v2\/posts"}],"about":[{"href":"https:\/\/www.pcnen.com\/portal\/wp-json\/wp\/v2\/types\/post"}],"author":[{"embeddable":true,"href":"https:\/\/www.pcnen.com\/portal\/wp-json\/wp\/v2\/users\/12"}],"replies":[{"embeddable":true,"href":"https:\/\/www.pcnen.com\/portal\/wp-json\/wp\/v2\/comments?post=341942"}],"version-history":[{"count":3,"href":"https:\/\/www.pcnen.com\/portal\/wp-json\/wp\/v2\/posts\/341942\/revisions"}],"predecessor-version":[{"id":341948,"href":"https:\/\/www.pcnen.com\/portal\/wp-json\/wp\/v2\/posts\/341942\/revisions\/341948"}],"wp:featuredmedia":[{"embeddable":true,"href":"https:\/\/www.pcnen.com\/portal\/wp-json\/wp\/v2\/media\/286086"}],"wp:attachment":[{"href":"https:\/\/www.pcnen.com\/portal\/wp-json\/wp\/v2\/media?parent=341942"}],"wp:term":[{"taxonomy":"category","embeddable":true,"href":"https:\/\/www.pcnen.com\/portal\/wp-json\/wp\/v2\/categories?post=341942"},{"taxonomy":"post_tag","embeddable":true,"href":"https:\/\/www.pcnen.com\/portal\/wp-json\/wp\/v2\/tags?post=341942"}],"curies":[{"name":"wp","href":"https:\/\/api.w.org\/{rel}","templated":true}]}}