{"id":340580,"date":"2022-03-11T10:28:43","date_gmt":"2022-03-11T09:28:43","guid":{"rendered":"https:\/\/www.pcnen.com\/portal\/?p=340580"},"modified":"2022-03-11T10:29:53","modified_gmt":"2022-03-11T09:29:53","slug":"daliboru-medojevicu-odreden-pritvor","status":"publish","type":"post","link":"https:\/\/www.pcnen.com\/portal\/2022\/03\/11\/daliboru-medojevicu-odreden-pritvor\/","title":{"rendered":"Daliboru Medojevi\u0107u odre\u0111en pritvor"},"content":{"rendered":"<p>Policijskom funkcioneru Daliboru Medojevi\u0107u sudija za istragu podgori\u010dkog Vi\u0161eg suda odredio je pritvor do 30 dana, saznaje TVCG.<\/p>\n<p>Ju\u010de je Medojevi\u0107u odre\u0111eno zadr\u017eavanje do 72 sata, nakon \u010dega je tu\u017eila\u0161tvo tra\u017eilo odre\u0111ivanje pritvora.<\/p>\n<blockquote><p><em>Medojevi\u0107 je uhap\u0161en u okviru \u0161ire policijske operacije usmjerene ka otkirvanju slu\u017ebenika i funkcionera policije koji su povezani sa organizovanim kriminalnim grupama.<\/em><\/p>\n<p><em>Polovinom 2016. godine policija je uhapsila tada\u0161njeg vr\u0161ioca du\u017enosti \u0161efa Odsjeka za borbu protiv organizovanog kriminala i korupcije Dalibora Medojevi\u0107a i inspektora tog Odsjeka Nikolu Terzi\u0107a zbog nestanka dokaza koje je policija uzela tokom pretresa ku\u0107e Veselina Mujovi\u0107a.<\/em><\/p>\n<p><em>Obojica su tada negirali izvr\u0161enje krivi\u010dnih djela stvaranje kriminalne organizacije i zloupotreba slu\u017ebenog polo\u017eaja i pu\u0161teni su na slobodu.<\/em><\/p>\n<p>https:\/\/www.pcnen.com\/portal\/2016\/02\/29\/specijalni-tuzilac-ponovo-saslusao-policijskog-funkcionera-terzica\/<\/p><\/blockquote>\n<blockquote class=\"wp-embedded-content\" data-secret=\"5HjkvZWS5T\"><p><a href=\"https:\/\/www.pcnen.com\/portal\/2022\/03\/08\/uhapsen-policajac-medojevic-zbog-sumnje-da-je-povezan-sa-kriminalnim-grupama\/\">Uhap\u0161en policajac Medojevi\u0107 zbog sumnje da je povezan sa kriminalnim grupama<\/a><\/p><\/blockquote>\n<p><iframe loading=\"lazy\" class=\"wp-embedded-content\" sandbox=\"allow-scripts\" security=\"restricted\" style=\"position: absolute; clip: rect(1px, 1px, 1px, 1px);\" title=\"&#8220;Uhap\u0161en policajac Medojevi\u0107 zbog sumnje da je povezan sa kriminalnim grupama&#8221; &#8212; PCNEN\" src=\"https:\/\/www.pcnen.com\/portal\/2022\/03\/08\/uhapsen-policajac-medojevic-zbog-sumnje-da-je-povezan-sa-kriminalnim-grupama\/embed\/#?secret=EhZiMEoWBk#?secret=5HjkvZWS5T\" data-secret=\"5HjkvZWS5T\" width=\"600\" height=\"338\" frameborder=\"0\" marginwidth=\"0\" marginheight=\"0\" scrolling=\"no\"><\/iframe><\/p>\n","protected":false},"excerpt":{"rendered":"<p>Ju\u010de je Medojevi\u0107u odre\u0111eno zadr\u017eavanje do 72 sata, nakon \u010dega je tu\u017eila\u0161tvo tra\u017eilo odre\u0111ivanje pritvora<\/p>\n","protected":false},"author":1,"featured_media":0,"comment_status":"open","ping_status":"closed","sticky":false,"template":"","format":"standard","meta":{"_seopress_robots_primary_cat":"","_seopress_titles_title":"","_seopress_titles_desc":"","_seopress_robots_index":"","_et_pb_use_builder":"","_et_pb_old_content":"","_et_gb_content_width":"","inline_featured_image":false,"footnotes":""},"categories":[14],"tags":[],"class_list":["post-340580","post","type-post","status-publish","format-standard","hentry","category-vijesti"],"_links":{"self":[{"href":"https:\/\/www.pcnen.com\/portal\/wp-json\/wp\/v2\/posts\/340580","targetHints":{"allow":["GET"]}}],"collection":[{"href":"https:\/\/www.pcnen.com\/portal\/wp-json\/wp\/v2\/posts"}],"about":[{"href":"https:\/\/www.pcnen.com\/portal\/wp-json\/wp\/v2\/types\/post"}],"author":[{"embeddable":true,"href":"https:\/\/www.pcnen.com\/portal\/wp-json\/wp\/v2\/users\/1"}],"replies":[{"embeddable":true,"href":"https:\/\/www.pcnen.com\/portal\/wp-json\/wp\/v2\/comments?post=340580"}],"version-history":[{"count":2,"href":"https:\/\/www.pcnen.com\/portal\/wp-json\/wp\/v2\/posts\/340580\/revisions"}],"predecessor-version":[{"id":340582,"href":"https:\/\/www.pcnen.com\/portal\/wp-json\/wp\/v2\/posts\/340580\/revisions\/340582"}],"wp:attachment":[{"href":"https:\/\/www.pcnen.com\/portal\/wp-json\/wp\/v2\/media?parent=340580"}],"wp:term":[{"taxonomy":"category","embeddable":true,"href":"https:\/\/www.pcnen.com\/portal\/wp-json\/wp\/v2\/categories?post=340580"},{"taxonomy":"post_tag","embeddable":true,"href":"https:\/\/www.pcnen.com\/portal\/wp-json\/wp\/v2\/tags?post=340580"}],"curies":[{"name":"wp","href":"https:\/\/api.w.org\/{rel}","templated":true}]}}