{"id":340285,"date":"2022-03-09T15:47:31","date_gmt":"2022-03-09T14:47:31","guid":{"rendered":"https:\/\/www.pcnen.com\/portal\/?p=340285"},"modified":"2022-03-09T15:52:07","modified_gmt":"2022-03-09T14:52:07","slug":"bezvlasce","status":"publish","type":"post","link":"https:\/\/www.pcnen.com\/portal\/2022\/03\/09\/bezvlasce\/","title":{"rendered":"Bezvla\u0161\u0107e"},"content":{"rendered":"\r\n<p>Nada i energija koja se rodila kod gra\u0111ana poslije pro\u0161logodi\u0161njih izbora i gubitka vlasti DPS-a, ubrzo je izazvala razo\u010darenje, bar kod jednog dijela protivnika prethodne, nekontrolisane i do zla boga korupmpirane vlasti.<\/p>\r\n<p>Nova ve\u0107ina i Vlada, na \u010delu sa Krivokapi\u0107em, uradila je sve da bude Vlada polovine njenih gra\u0111ana, isto onako kakve su bile prethodne, DPS vlade. Kleronacionalizam, amaterizam, te nesloga u vladaju\u0107oj ve\u0107ini, bili su pojas spasa za DPS, koji nije imao snage i volje da se reformi\u0161e, oslobodi bar onih najkorumpiranijih i u javnosti najomrznutijih kadrova.<\/p>\r\n<p>Nova Vlada je svojim \u010dinjenjima, ne\u010dinjenjima i izborom kadrova, izgra\u0111ivala izgubljeni i nepostoje\u0107i koalicioni kapicetet DPS-a, Skup\u0161tina je hibernirala, na proklamovani dr\u017eevni evropski put se nije osvr\u0107alo, manjine su izop\u0161tene iz politi\u010dkog \u017eivota, ali i iz namje\u0161tenja u Vladi i zaposlenja \u201epo dubini\u201c &#8211; koja su postala partijska i rodbinska, \u010dak u goroj formi nego dok je vladao DPS. Blokirana Skup\u0161tina nije donosila zakone, bez one najnu\u017enije, povremeno i \u201ena silu\u201c, \u010dak nije donijela ni zakon o samoj Skup\u0161tini.<\/p>\r\n<p>Tako smo do\u0161li u situaciju da poslije smjene predsjednika Skup\u0161tine, njen poptredsjednik ne\u0107e da zaka\u017ee sjednicu jer mu mo\u017ee biti i jer mu se ne svi\u0111a predlo\u017eeni dnevni red. Ka\u017eu da za to ima pravnog osnova! Po tom \u201epravnom osnovu\u201c, uprkos volji novouspostavljene ve\u0107ine, presedavaju\u0107i mo\u017ee u nedogled odbijati da zaka\u017ee sjednicu, a Vlada u tehni\u010dkom mandatu obavljati funkciju do novih izbora. \u201ePravni osnov\u201c dozvoljava, izgleda, da je volja ili hir jednog \u010dovjeka \u2013 presjedavaju\u0107eg Skup\u0161tine, ja\u010da od volje ve\u0107ine \u2013 nebitno kako je uspostavljena, te da mo\u017ee potpuno blokirati rad i funkcionisanje zakonodavne vlasti.<\/p>\r\n<p>Nijesam pravnik, ali kao laik shvatam da mu ta pozicija onda daje mo\u0107 kakvu nemaju kraljevi ili carevi. \u0160to je najgore, ve\u0107i dio do skoro aktuelne parlamentarne ve\u0107ine, ne samo \u0161to podr\u017eava takvu Bulajevi\u0107evu poziciju, ve\u0107 ga ohrabruje i bodri da istraje u blokadi Skup\u0161tine. I u tome se, pored ostalog, vidi sav jad i bijeda onih koji su nam trebali biti alternativa i nada.<\/p>\r\n<p>Poslije invazije Rusije na Ukrajinu, Evropa je u haosu. Sankcije i blokade namentnute Rusiji, nevi\u0111ene do sada, odrazi\u0107e se i odra\u017eavaju se na cijeli svijet, pa i na nas, normalno. Cijene energenata su rekordne, a cijene osnovnih \u017eivotnih namirnica astronomski rastu. Uz sve to, bure baruta kakav je Zapadni Balkan, sa svojim istro\u0161enim, nepromijenjenim, ratno-profiterskim, koruptivno-mafija\u0161kim elitama, mogu iskoristiti navedeni haos da se reinkreniraju, podstrekuju\u0107i nove nestabilnosti, sukobe \u010dak.<\/p>\r\n<p>Sve to nije nikakav alarm za crnogorske poziciono-opozicione partije i njihove umi\u0161ljene lidere da se uozbilje, prekinu sa najgorom vrstom politi\u010darenja i stalnom predizbornom kampanjom, sjednu za zajedni\u010dki sto i postignu bar minimalni konsenzus o na\u010dinu kako da se kao dr\u017eava suo\u010dimo sa nikad ozbiljnijim ekonomskim i bezbjedonosnim prijetnjama.<\/p>\r\n<p>Umjesto toga, op\u0161te je bezvla\u0161\u0107e: Vlada ne funkcioni\u0161e, odnosno funkcioni\u0161e kao dva suprostavljena krila unutra nje same; Krivokapi\u0107 vodi svoju politiku, Abazovi\u0107 svoju. Demokrate protestuju protiv \u201eprekrajanja narodne volje\u201c, sa sve \u017ee\u0161\u0107om i zapaljivijom retorikom, dok Abazovi\u0107, stije\u010de se utisak, daje sve ve\u0107e ustupke DPS-u, SD-u, SDP-u, te strankama nacionalnih manjina, ogrezlim u korupciji, prepoznatim po tome \u0161to su od institucija napravile servise biv\u0161e vladaju\u0107e ve\u0107ine. Demokratski front prijeti blokadama i radikalnim protestima sa porukom \u201emo\u017ee nam biti\u201c, a Skup\u0161tina ne radi \u2013 zatvorena je. U takvoj situaciji \u0110ukanovi\u0107 i DPS, nepromijenjeni, isti onakvi kakvi su bili, postavljaju se kao ozbiljna i jedina alternativa, pogotovu prema me\u0111unarodnom faktoru.<\/p>\r\n<p>Haos koji je DPS napravio od dr\u017eave i institucija bio je dobro kontrolisan i funkcionalan na svoj na\u010din. Sada ne funkcioni\u0161e ni\u0161ta: ni Vlada, ni Skup\u0161tina, ni institucije. Totalna je anarhija. DPS, dok je vladao, uspostavio je dobro kontrolisani haos, njegova alternativa, u koju smo se nadali, nekontrolisani.<br \/>Da apele ko slu\u0161a i da moj apel i\u0161ta vrijedi, pozvao bih politi\u010dke elite pozicije i opozicije da se najzad uozbilje, hitno sjednu za sto i naprave neki minimalni konsenzus kao odgovor na aktuelnu krizu koja \u0107e biti sve ve\u0107a i ve\u0107a.<\/p>\r\n<p>Me\u0111utim, poznavaju\u0107i ih odbro, pogotovo iz pregovora kroz proteste Odupri se, znam da je to uzaludan posao. Jednostavno, oni nemaju taj kapacitet i odgovornost. Li\u010dni i partijski interes im je iznad i ispred svega, intelektulano, a prije svega moralno su ograni\u010deni tj. hendikepirani.<\/p>\r\n<p>Ostaje mi jedino da prizivam Boga u pomo\u0107, \u0161to ne zna\u010di da imam ambiciju da budem budu\u0107i premijer!<\/p>\r\n","protected":false},"excerpt":{"rendered":"<p>Pi\u0161e: Omer \u0160ARKI\u0106<\/p>\n","protected":false},"author":12,"featured_media":286086,"comment_status":"open","ping_status":"closed","sticky":false,"template":"","format":"standard","meta":{"_seopress_robots_primary_cat":"","_seopress_titles_title":"","_seopress_titles_desc":"","_seopress_robots_index":"","_et_pb_use_builder":"","_et_pb_old_content":"","_et_gb_content_width":"","inline_featured_image":false,"footnotes":""},"categories":[17],"tags":[],"class_list":["post-340285","post","type-post","status-publish","format-standard","has-post-thumbnail","hentry","category-blogovi"],"_links":{"self":[{"href":"https:\/\/www.pcnen.com\/portal\/wp-json\/wp\/v2\/posts\/340285","targetHints":{"allow":["GET"]}}],"collection":[{"href":"https:\/\/www.pcnen.com\/portal\/wp-json\/wp\/v2\/posts"}],"about":[{"href":"https:\/\/www.pcnen.com\/portal\/wp-json\/wp\/v2\/types\/post"}],"author":[{"embeddable":true,"href":"https:\/\/www.pcnen.com\/portal\/wp-json\/wp\/v2\/users\/12"}],"replies":[{"embeddable":true,"href":"https:\/\/www.pcnen.com\/portal\/wp-json\/wp\/v2\/comments?post=340285"}],"version-history":[{"count":5,"href":"https:\/\/www.pcnen.com\/portal\/wp-json\/wp\/v2\/posts\/340285\/revisions"}],"predecessor-version":[{"id":340298,"href":"https:\/\/www.pcnen.com\/portal\/wp-json\/wp\/v2\/posts\/340285\/revisions\/340298"}],"wp:featuredmedia":[{"embeddable":true,"href":"https:\/\/www.pcnen.com\/portal\/wp-json\/wp\/v2\/media\/286086"}],"wp:attachment":[{"href":"https:\/\/www.pcnen.com\/portal\/wp-json\/wp\/v2\/media?parent=340285"}],"wp:term":[{"taxonomy":"category","embeddable":true,"href":"https:\/\/www.pcnen.com\/portal\/wp-json\/wp\/v2\/categories?post=340285"},{"taxonomy":"post_tag","embeddable":true,"href":"https:\/\/www.pcnen.com\/portal\/wp-json\/wp\/v2\/tags?post=340285"}],"curies":[{"name":"wp","href":"https:\/\/api.w.org\/{rel}","templated":true}]}}