{"id":340213,"date":"2022-03-08T16:37:20","date_gmt":"2022-03-08T15:37:20","guid":{"rendered":"https:\/\/www.pcnen.com\/portal\/?p=340213"},"modified":"2022-03-08T16:37:20","modified_gmt":"2022-03-08T15:37:20","slug":"uhapsen-policajac-medojevic-zbog-sumnje-da-je-povezan-sa-kriminalnim-grupama","status":"publish","type":"post","link":"https:\/\/www.pcnen.com\/portal\/2022\/03\/08\/uhapsen-policajac-medojevic-zbog-sumnje-da-je-povezan-sa-kriminalnim-grupama\/","title":{"rendered":"Uhap\u0161en policajac Medojevi\u0107 zbog sumnje da je povezan sa kriminalnim grupama"},"content":{"rendered":"<p>Policijski funkcioner Dalibor Medojevi\u0107 uhap\u0161en je danas.<\/p>\n<p>Kako je potvr\u0111eno Vijestima i Televiziji Vijesti, u toku je akcija u cilju identifikovanja slu\u017ebenika Uprave policije koji su, kako se sumnja, povezani sa organizovanim kriminalnim grupama.<\/p>\n<p>Informaciju je Televiziji Vijesti potvrdilo vi\u0161e izvora.<\/p>\n<p>Njihovi sagovornici dodaju da su u toku pretresi objekata.<\/p>\n<p>Akciju, prema istim informacijama, sprovode slu\u017ebenici Sektora za borbu protiv kriminala po nalogu vr\u0161ioca du\u017enosti glavnog specijalnog tu\u017eioca Sa\u0161e \u010ca\u0111enovi\u0107a.<\/p>\n","protected":false},"excerpt":{"rendered":"<p>Akciju sprovode slu\u017ebenici Sektora za borbu protiv kriminala po nalogu vr\u0161ioca du\u017enosti glavnog specijalnog tu\u017eioca Sa\u0161e \u010ca\u0111enovi\u0107a<\/p>\n","protected":false},"author":1,"featured_media":282949,"comment_status":"open","ping_status":"closed","sticky":false,"template":"","format":"standard","meta":{"_seopress_robots_primary_cat":"","_seopress_titles_title":"","_seopress_titles_desc":"","_seopress_robots_index":"","_et_pb_use_builder":"","_et_pb_old_content":"","_et_gb_content_width":"","inline_featured_image":false,"footnotes":""},"categories":[14],"tags":[],"class_list":["post-340213","post","type-post","status-publish","format-standard","has-post-thumbnail","hentry","category-vijesti"],"_links":{"self":[{"href":"https:\/\/www.pcnen.com\/portal\/wp-json\/wp\/v2\/posts\/340213","targetHints":{"allow":["GET"]}}],"collection":[{"href":"https:\/\/www.pcnen.com\/portal\/wp-json\/wp\/v2\/posts"}],"about":[{"href":"https:\/\/www.pcnen.com\/portal\/wp-json\/wp\/v2\/types\/post"}],"author":[{"embeddable":true,"href":"https:\/\/www.pcnen.com\/portal\/wp-json\/wp\/v2\/users\/1"}],"replies":[{"embeddable":true,"href":"https:\/\/www.pcnen.com\/portal\/wp-json\/wp\/v2\/comments?post=340213"}],"version-history":[{"count":1,"href":"https:\/\/www.pcnen.com\/portal\/wp-json\/wp\/v2\/posts\/340213\/revisions"}],"predecessor-version":[{"id":340214,"href":"https:\/\/www.pcnen.com\/portal\/wp-json\/wp\/v2\/posts\/340213\/revisions\/340214"}],"wp:featuredmedia":[{"embeddable":true,"href":"https:\/\/www.pcnen.com\/portal\/wp-json\/wp\/v2\/media\/282949"}],"wp:attachment":[{"href":"https:\/\/www.pcnen.com\/portal\/wp-json\/wp\/v2\/media?parent=340213"}],"wp:term":[{"taxonomy":"category","embeddable":true,"href":"https:\/\/www.pcnen.com\/portal\/wp-json\/wp\/v2\/categories?post=340213"},{"taxonomy":"post_tag","embeddable":true,"href":"https:\/\/www.pcnen.com\/portal\/wp-json\/wp\/v2\/tags?post=340213"}],"curies":[{"name":"wp","href":"https:\/\/api.w.org\/{rel}","templated":true}]}}