{"id":338273,"date":"2022-02-08T16:40:58","date_gmt":"2022-02-08T15:40:58","guid":{"rendered":"https:\/\/www.pcnen.com\/portal\/?p=338273"},"modified":"2022-02-08T16:40:58","modified_gmt":"2022-02-08T15:40:58","slug":"volja-naroda-i-rehabilitacija-dps-a","status":"publish","type":"post","link":"https:\/\/www.pcnen.com\/portal\/2022\/02\/08\/volja-naroda-i-rehabilitacija-dps-a\/","title":{"rendered":"Volja naroda i rehabilitacija DPS-a"},"content":{"rendered":"<p>Od promjene tridesetogodi\u0161nje, do zla boga korumpirane i plja\u010dka\u0161ke vlasti, te pobjede biv\u0161e, vje\u010dite opozicije &#8211; pa do danas, nova vlast se svojski potrudila, da umjesto obe\u0107ane demonta\u017ee DPS-a i njegovog na\u010dina vladanja, rehabilituje ga i doka\u017ee da je DPS, takav \u2013 kakav je, prihvatljiva opcija.<\/p>\n<p>Protekli period obilje\u017eili su stalne sva\u0111e unutar vladaju\u0107e ve\u0107ine, nefunkcionalna Vlada, blokirana od strane skup\u0161tinske ve\u0107ine, nacionalizam, klerikalizam, uglavnom nestru\u010dna postavljenja i namje\u0161tenja, jedna ideolo\u0161ka matrica, partijsko zapo\u0161ljvanje i nepotizam, gori \u010dak nego i za vrijeme vladavine DPS-a, amaterizam i neznanje u upravljanju dr\u017eavom.<\/p>\n<p>Umjesto obe\u0107anog pomirenja, nova vlast je jo\u0161e vi\u0161e rasplamsala podjele, nacionalizam, vjersku isklju\u010divost i netoleranciju. Pojedine ministre i namje\u0161tenike, osim nestru\u010dnosti, karakterisao je neskriveni nacionalizam i \u0161ovinizam, sa primjesama fa\u0161izma. Premijer, bez podr\u0161ke vladaju\u0107e ve\u0107ine, zastupao je jedan ideolo\u0161ki pogled, pona\u0161ao se kao crkveni premijer a ne premijer svih gra\u0111ana Crne Gore. Nova vlast, vladaju\u0107e partije(osim URA-e) i premijer, su promijenili \u010dak i retoriku u javnim obra\u0107anjima. Gra\u0111ani su postali narod, vjerni narod, divni narod, po\u0161tovani narod, bra\u0107a i sestre. Volja naroda je postala stalna mantra, a znamo do \u010dega je pozivanje na volju naroda dovelo, kako gra\u0111ane na teritoriji biv\u0161e Jugoslavije, tako i u svijetu, tridesetih i \u010detrdesetih godina pro\u0161log vijeka.<\/p>\n<p>Od uspostave nove vlasti, ionako zarobljene i uru\u0161ene institucije jo\u0161 vi\u0161e se uru\u0161ene, a dobar dio njih je u permanentnom VD stanju. Umjesto stabilazicije i po\u010detka uspostavljanja pravne dr\u017eave, dobili smo totalnu anarhiju, gdje se ne zna ko pije a ko pla\u0107a, ko je vlast a ko opozicija, ko radi protiv koga a ko je sa kim. Predsjednik Vlade i ministri, kao i predsjednik Skup\u0161tine kr\u0161e zakone koje su sami donijeli, ili pozivaju na njihovo kr\u0161enje (pozivanje na neprijavljene proteste, jo\u0161 u vrijeme kada su javna okupljanja zabranjena zbog epidemiolo\u0161kih mjera).<\/p>\n<p>U Skup\u0161tini su partije vladaju\u0107e ve\u0107ine vodile takav rat \u00a0izme\u0111u sebe, kakav ne bi vodili ni naj\u017ee\u0161\u0107a i najradikalnija opozicija protiv vlasti. Uz to, izlaganja su obi\u010dno klovnovska, papagajska, degutantna, krajnje niska, optu\u017euju\u0107a do nivoa krivi\u010dne odgovornosti, ispod svakog nivoa. Vi\u0161e prili\u010de nekom lo\u0161em \u00a0rialiti \u0161ou-u, nego \u201eizabranim narodnim predstavnicima\u201c. Poslije \u201eizdaje\u201c takvog, neodr\u017eivog stanja od strane koalicije \u201cCrno na Bijelo\u201c, \u00a0dio skup\u0161tinske ve\u0107ine papagajski ponavlja mantru o izdaji narodne volje, poziva se na sud i volju naroda, odbranu narodna volje, uz prijetnje i pozive na lin\u010d.<\/p>\n<p>O izdaji narodne volje:<\/p>\n<p>Jedan sam od onih koji je glasao opoziciju na prethodnim izborima. Nova vlast i Vlada su iznervjerili moju izbornu volju, ali ne samo moju, ve\u0107 i desetine mojih prijatelja i poznanika koji su tako\u0111e glasali biv\u0161u opoziciju. Mi svakako nijesmo ve\u0107ina u toj \u201enarodnoj volji\u201c, ali \u0107u biti slobodan da procjenim, da je koalicija \u201eCrno na Bijelo\u201c makar dva mandata \u2013 ako ne tri od postoja\u0107a \u010detiri, dobila za ne\u0161to potpuno druga\u010dije od onog \u0161to je Vlada radila. Mi nijesmo glasali da Crkva upravlja dr\u017eavom, za vlast nacionalista i \u0161ovinista, za isklju\u010divo partijsko zapo\u0161ljavanje, blokadu sistema i institucija, za diskriminaciju i negiranje nacionalnih manjina i nacionalnih Crnogoraca, za rehabilitaciju pora\u017eenih ideologija, za anarhiju i amaterizam u upravljanju dr\u017eavom. Naprotiv, glasali smo za sve suprotno od toga i na\u0161a izborna volja je \u201eizdata\u201c u prethodnom periodu.<\/p>\n<p>U euforiji \u201enaroda i narodne volje\u201c, na\u0161 glas se nije mogao \u010duti, niti je iko htio da ga slu\u0161a. \u00a0Slobodan sam da procijenim \u2013 uz mogu\u0107nost da grije\u0161im, da od devet dobijenih mandata Demokrata, makar jedan \u2013 ako ne dva mandata, su dobijeni upravo na fonu ovog \u0161to smo o\u010dekivali ja i moji prijatelji i za\u0161to smo glasali, a ne za ono \u0161to Demokrate predstavljaju kao \u201enarodnu volju\u201c. Sli\u010dno va\u017ei i za bar jedan mali dio glasa\u010da Demokratskog fronta. Dakle, za minimalno tri mandata iz ve\u0107ine, ovo \u0161to je radila prethodna Vlada nije bio odraz izborne volje, ve\u0107 suprotno, tako da su pozivi na odbranu narodne volje u najmanju ruku licjemjerni.<\/p>\n<p>Istina je da smo svi, bukvalno svi koji smo glasali opoziciju, glasali protiv DPS-a, ali je vladaju\u0107a ve\u0107ina i Vlada pokazala da su u nekim segmentima gori i od njega, rehabilitiju\u0107i ga i izgra\u0111uju\u0107i \u00a0mu izgubljeni koalicioni kapacitet, makar do nivoa u kojem je prihvatljiva njegova manjinska podr\u0161ka. Svojim pona\u0161anjem i politikom, DPS su najvi\u0161e rehabilitovali upravo oni koji se javno predstavljaju kao njegovi najlju\u0107i protivnici. Da je do\u0161lo do istinskih promjena i da su se odlaze\u0107a Vlada i premijer potrudili da funkciju obavljaju u ime svih gra\u0111ana a ne samo jednog dijela, DPS bio bio pro\u0161lost, bez koalicionog kapicetata, sa podr\u0161kom koja bi do sada pala na ispod 20%.<\/p>\n<p>Manjinska Vlada uz podr\u0161ku DPS je lo\u0161e, ali iznu\u0111eno rje\u0161enje. Da je nova ve\u0107ina uredila izborno zakonodavstvo \u2013 \u0161to je bio jedan od njenih osnovnih zadataka, i da je razblokirala institucije, izbori bi bili logi\u010dan i jedini ispravan put za izlazak iz te\u0161ke politi\u010dke krize koju imamo. Ovako, dok su nam najva\u017enije institucije u VD stanju, izbori bez potvr\u0111enog legitimiteta i instuticionalne kontrole bi bila jo\u0161 gora opcija. Za takvo \u00a0stanje nije krivac DPS, ve\u0107 nesposobna vladaju\u0107a ve\u0107ina.<\/p>\n<p>Povratak DPS-a iz mrtvih, dakle, treba tra\u017eiti u na\u010dinu vr\u0161enja vlasti dosada\u0161ne vladaju\u0107e ve\u0107ine, u \u010demu svoj dio odgovornosti svakako snosi i\u00a0 koalicija \u201eCrno na Bijelo\u201c.<\/p>\n","protected":false},"excerpt":{"rendered":"<p>Pi\u0161e: Omer \u0160ARKI\u0106<\/p>\n","protected":false},"author":12,"featured_media":286086,"comment_status":"open","ping_status":"closed","sticky":false,"template":"","format":"standard","meta":{"_seopress_robots_primary_cat":"","_seopress_titles_title":"","_seopress_titles_desc":"","_seopress_robots_index":"","_et_pb_use_builder":"","_et_pb_old_content":"","_et_gb_content_width":"","inline_featured_image":false,"footnotes":""},"categories":[17],"tags":[1169],"class_list":["post-338273","post","type-post","status-publish","format-standard","has-post-thumbnail","hentry","category-blogovi","tag-omer-sarkic"],"_links":{"self":[{"href":"https:\/\/www.pcnen.com\/portal\/wp-json\/wp\/v2\/posts\/338273","targetHints":{"allow":["GET"]}}],"collection":[{"href":"https:\/\/www.pcnen.com\/portal\/wp-json\/wp\/v2\/posts"}],"about":[{"href":"https:\/\/www.pcnen.com\/portal\/wp-json\/wp\/v2\/types\/post"}],"author":[{"embeddable":true,"href":"https:\/\/www.pcnen.com\/portal\/wp-json\/wp\/v2\/users\/12"}],"replies":[{"embeddable":true,"href":"https:\/\/www.pcnen.com\/portal\/wp-json\/wp\/v2\/comments?post=338273"}],"version-history":[{"count":3,"href":"https:\/\/www.pcnen.com\/portal\/wp-json\/wp\/v2\/posts\/338273\/revisions"}],"predecessor-version":[{"id":338281,"href":"https:\/\/www.pcnen.com\/portal\/wp-json\/wp\/v2\/posts\/338273\/revisions\/338281"}],"wp:featuredmedia":[{"embeddable":true,"href":"https:\/\/www.pcnen.com\/portal\/wp-json\/wp\/v2\/media\/286086"}],"wp:attachment":[{"href":"https:\/\/www.pcnen.com\/portal\/wp-json\/wp\/v2\/media?parent=338273"}],"wp:term":[{"taxonomy":"category","embeddable":true,"href":"https:\/\/www.pcnen.com\/portal\/wp-json\/wp\/v2\/categories?post=338273"},{"taxonomy":"post_tag","embeddable":true,"href":"https:\/\/www.pcnen.com\/portal\/wp-json\/wp\/v2\/tags?post=338273"}],"curies":[{"name":"wp","href":"https:\/\/api.w.org\/{rel}","templated":true}]}}