{"id":337056,"date":"2022-01-21T12:55:07","date_gmt":"2022-01-21T11:55:07","guid":{"rendered":"https:\/\/www.pcnen.com\/portal\/?p=337056"},"modified":"2022-01-21T13:34:08","modified_gmt":"2022-01-21T12:34:08","slug":"21-milion-i-izdaja","status":"publish","type":"post","link":"https:\/\/www.pcnen.com\/portal\/2022\/01\/21\/21-milion-i-izdaja\/","title":{"rendered":"21 milion i izdaja"},"content":{"rendered":"<p>Poslije vi\u0161e od godinu dana rada nove vlade, blokade njenog rada od strane skup\u0161tinske ve\u0107ine du\u017ee od \u0161est mjeseci i njenog svakodnevnog obaranja, ipak je usvojen \u201eiskasapljen\u201c i neodr\u017eiv bud\u017eet, uz jo\u0161 neodr\u017eiviji program nazvan \u201eEvropa sad\u201c, koji \u0107e nas, opet ponavljam, o jadu zabaviti &#8211; zato jer je prosto neodr\u017eiv. \u201eEvropa sad\u201c je, kao \u0161to sam napisao u pro\u0161lom tekstu, neodgovoran populisti\u010dki potez jo\u0161 aktuelne Vlade, kojoj je on bio podloga za pravljenje premijerove partije u momentu kada je shvatio da se Vladi bli\u017ei kraj. Za neuspjeh programa \u201eEvropa sad\u201c \u0107e biti optu\u017eena neka nova Vlada, ko god je \u010dinio.<\/p>\n<p>No, tom populizmu niko nema i nije imao petlje da se odupre, glasno i jasno ga imenuje. Bez stvorene nove vrijednosti, zamaha ekonomije \u00a0i novih investicija, tolika pove\u0107anja prihoda gra\u0111ana i razna nova socijalna davanja su prosto nemogu\u0107a.<\/p>\n<p>Ali, ekonomija nikada nije bila prioritet na\u0161ih politi\u010dkih elita, kako vlasti tako opozicije, ve\u0107 politi\u010darenja, dizanje tenzija me\u0111u \u201epo\u0161tovanim i dragim narodom\u201c, nacionalizam, populizam \u2013 jer to donosi najvi\u0161e glasova.<\/p>\n<p>Poslije bure i \u0161oka koji je izazvao ipak o\u010dekivani predlog koalicije \u201eCrno na bijelo\u201c da se iz evidentne i permanentne politi\u010dke krize poku\u0161a iza\u0107i stvaranjem manjinske vlade, nastala je uzbuna me\u0111u najprofitabilnijim preduze\u0107ima u Crnoj Gori koje zovemo politi\u010dkim partijama, koje su uz to jedini na\u0161 istinski Zavod za zapo\u0161ljavanje &#8211; uglavnom nestru\u010dnog kadra.<\/p>\n<p>Izdaja i narodna volja su ovih dana postale rije\u010di i kvalifikacije koja se naj\u010de\u0161\u0107e upotrebljavaju, od kojih odzvanja javna scena. Jadne gra\u0111ane odavno vi\u0161e niko ne pominje niti ferma, samo narod, po\u0161tovani narod, divni narod, bra\u0107u i sestre. Po oslovljavanju biv\u0161ih gra\u0111ana Crne Gore od strane aktulenih politi\u010dkih vedeta, vlasti prije svega, i bez nekih dubljih analiza i poznavanja prilika, odmah se mo\u017ee uo\u010diti da nam politi\u010dku scenu karakteri\u0161e desni populizam i klerikalizam. \u201eNarode, ja vas nikad ne\u0107u izdati\u201c \u2013 promptno i na sav glas nam saop\u0161ti predsjednik Skup\u0161tine svih gra\u0111ana.<\/p>\n<p>Kao \u0161to napisah, politi\u010dki prvaci aktuelne vlasti, zbog predloga koalicije \u201eCrno na bijelo\u201c za stvaranje manjninske vlade, optu\u017eili su je za izdaju \u201enarodne volje\u201c, ali i za korupciju. Targetiran je lider URA-e Dritan Abazovi\u0107, javnim optu\u017ebama da je za prodaju izborne volje primio 21 milion eura. Tim optu\u017ebama se pridodaje nova, kako je poku\u0161ao da prikrije i da je na neki na\u010din sau\u010desnik u \u0161vercu kokaina prona\u0111enog u magacinu firme \u201eVoli\u201c, te da i zbog toga \u201eru\u0161i narodnu volju\u201c.<\/p>\n<p>U tim javnim optu\u017ebama prednja\u010de Demokrate, a mnogo ne zaostaje jo\u0161 aktuelni premijer koji se do skoro kleo u Abazovi\u0107a, kao i Abazovi\u0107 u njega. Li\u010dno, ne mislim da je Abazovi\u0107 primio nikakav novac za \u201eizdaju narodne volje\u201c, niti da je umije\u0161an u mafija\u0161ke poslove, ali mo\u017eda sam u krivu, mo\u017eda doista jeste?<\/p>\n<p>Poslije tako te\u0161kih optu\u017ebi, institucije bi trebalo odmah da reaguju, ispitaju navode o tako velikoj korupciji koja mo\u017ee biti uzrok potpune promjene politi\u010dke scene, vlasti i Vlade. Ali, institucije su i dalje zarobljene, tu\u017eila\u0161tvo i sudstvo nereformisano i pod kontrolom mo\u0107nika biv\u0161e vlasti, tako da u rezultate eventualno pokrenute istrage po tom pitanju slabo ko bi vjerovao.<\/p>\n<p>Postavlja se logi\u010dno pitanje, za\u0161to je to tako? Za\u0161to poslije godinu ipo od pobjede na izborima aktuelne ve\u0107ine jo\u0161 nemamo ni na vidiku reformisano, nezavisno sudstvo i tu\u017eila\u0161tvo, kome \u0107e gra\u0111ani vjerovati, u \u010dije istrage i presude ne\u0107e sumnjati? Upravo zato \u0161to nova ve\u0107ina nije funkcionisala, \u0161to je Tu\u017eila\u010dki savjet izabran tek prije nepunih mjesec dana zbog nadgornjavanja unutar vladaju\u0107ih partija, koje je trajalo \u0161est mjeseci. I zato jer je za set drugih promjena u institucijama \u00a0potrebna dvotre\u0107inska odnosno tropetinska ve\u0107ina, koje nema.<\/p>\n<p>Za\u0161to je nema?<\/p>\n<p>Za du\u017ee od godinu dana od uspostavljanja nove vlasti ni\u0161ta nije ura\u0111eno po pitanju dijaloga sa opozicijom, kako bi se obezbijedila takva ve\u0107ina. Naprotiv, partije manjine i odnos prema manjinama je bio sve gori, a ni\u0161ta se nije uradilo ni na poku\u0161aju uklju\u010divanja SDP-a u tu ve\u0107inu, iako je poslije izbora on javno i glasno\u00a0 saop\u0161tio DPS-u kako na njihova tri poslanika ne mo\u017ee ra\u010dunati u svojim kalkulacijama. Dakle, aktuelna ve\u0107ina \u010desto nije imala podr\u0161ku ni od 41 poslanika neophodnih za dono\u0161enje zakona koje je predlagala Vlada, Skup\u0161tina je u poslednjih \u0161est mjeseci zbog toga skoro stalno bila u blokadi, najve\u0107i konstituent te ve\u0107ine Demokratski front permanentno je ponavljao da premijer i Vlada nemaju njihovu podr\u0161ku, a na poku\u0161aj \u2013 mo\u017eda ne dobar, da se izna\u0111e neka stabilna ve\u0107ina, svi, pa i Demokratski front zavikali su \u201eizdaja, izdaja\u201c. Pri tome, Demokrate su toj optu\u017ebi pridodale novu, veoma te\u0161ku, da su URA i njen lider kupljeni sa 21 milion eura!<\/p>\n<p>Govore\u0107i o \u201eizdaji narodne volje\u201c, Krivokapi\u0107 i Demokrate navode primjere takvih izdaja, upore\u0111uju\u0107i ih sa njima,\u00a0 \u201eizdajom i prodajom narodne volje\u201c od strane Stevana D\u017eakovi\u0107a, Draga \u0110urovi\u0107a, Darka Pajovi\u0107a, zaboravljaju\u0107i, namjerno ili ne \u2013 manje je bitno, na slu\u010daj Slavi\u0161e\u00a0 Guberini\u0107a i Kljajevi\u0107a. Veoma je bitno da kada su navedeni pomijenili dres tj.izdali, niko to nije vezivao sa njihovom nacionalnom pripadno\u0161\u0107u, da se radi o nacionalnim Crnogorcima, odnosno Srbima, ve\u0107 je to osu\u0111eno kao njihov li\u010dni, nemoralni \u010din.<\/p>\n<p>Ali \u201eizdaju\u201c Dritana Abazovi\u0107a veliki dio pristalica DF-a, Demokrata i Krivokapi\u0107a komentari\u0161u kao izdaju \u201e\u0161iptara u koje nema vjere i kojima nije trebalo i ne treba vjerovati\u201c. Samo letimi\u010dnim pregledom komentara na dru\u0161tvenim mre\u017eama mo\u017eete se uvjeriti da je to tako. To je ta \u201enarodna volja\u201c i raspolo\u017eenje koje je kreirala nova vladaju\u0107a ve\u0107ina na \u010delu sa premijerom, prema manjinama. Zato sam i ja, pored ostalih stvari, svjestan takvog odnosa i kreiranog raspolo\u017eenja od strane nove ve\u0107ine i Vlade, odavno postao \u201eizdajnik narodne volje\u201c, iako sam glasao za biv\u0161u opoziciju, a sada\u0161nju vlast, smjenu prethodnog, plja\u010dka\u0161kog i do zla boga korumpiranog re\u017eima. Njima je ostao lak zadatak da mi samo odrede cijenu za koju \u00a0sam se prodao i javno je saop\u0161te. Mogu to slobodno, jer u \u201epravnoj dr\u017eavi\u201c \u010diji je pravni kontinuitet netaknut, mogu blatiti i optu\u017eivati ljude kako i koliko god ho\u0107e, bez dokaza i bez straha od bilo kakvih sankcija.<\/p>\n<p>Na samom kraju, da ovako, javno saop\u0161tim. Skoro sve \u0161to je uradila prethodna vlast i Vlada je bila izdaja moje volje kao glasa\u010da na izborima, koji je svoj glas dao toj novoj ve\u0107ini. Istina, nijesam narod ve\u0107 zaboravljeni gra\u0111anin i izdali su me kao pojedinca. Podsjeti\u0107u, obe\u0107ali su profesionalizam u javnoj upravi i nepartijsko zapo\u0161ljavanje, pravnu dr\u017eavu i vladavinu prava, zakon o porijeklu imovine, zakon o lustraciji, ravnopravnost za sve njene gra\u0111ane i narode u njoj &#8211; a ne samo za jedan narod, odvojenost crkve (i d\u017eamije) od dr\u017eave i politike, da \u0107e voditi politiku pomirenja a ne produbljivanja i stvaranja jo\u0161 ve\u0107ih prodjela.<\/p>\n<p>Uradili su sve suprotno od obe\u0107anog, zato sam ponosan \u0161to sam kao pojedinac nedugo poslije formiranje nove vlasti i Vlade postao njen izdajnik.<\/p>\n","protected":false},"excerpt":{"rendered":"<p>Pi\u0161e: Omer \u0160ARKI\u0106<\/p>\n","protected":false},"author":12,"featured_media":286086,"comment_status":"open","ping_status":"closed","sticky":false,"template":"","format":"standard","meta":{"_seopress_robots_primary_cat":"","_seopress_titles_title":"","_seopress_titles_desc":"","_seopress_robots_index":"","_et_pb_use_builder":"","_et_pb_old_content":"","_et_gb_content_width":"","inline_featured_image":false,"footnotes":""},"categories":[17],"tags":[],"class_list":["post-337056","post","type-post","status-publish","format-standard","has-post-thumbnail","hentry","category-blogovi"],"_links":{"self":[{"href":"https:\/\/www.pcnen.com\/portal\/wp-json\/wp\/v2\/posts\/337056","targetHints":{"allow":["GET"]}}],"collection":[{"href":"https:\/\/www.pcnen.com\/portal\/wp-json\/wp\/v2\/posts"}],"about":[{"href":"https:\/\/www.pcnen.com\/portal\/wp-json\/wp\/v2\/types\/post"}],"author":[{"embeddable":true,"href":"https:\/\/www.pcnen.com\/portal\/wp-json\/wp\/v2\/users\/12"}],"replies":[{"embeddable":true,"href":"https:\/\/www.pcnen.com\/portal\/wp-json\/wp\/v2\/comments?post=337056"}],"version-history":[{"count":6,"href":"https:\/\/www.pcnen.com\/portal\/wp-json\/wp\/v2\/posts\/337056\/revisions"}],"predecessor-version":[{"id":337067,"href":"https:\/\/www.pcnen.com\/portal\/wp-json\/wp\/v2\/posts\/337056\/revisions\/337067"}],"wp:featuredmedia":[{"embeddable":true,"href":"https:\/\/www.pcnen.com\/portal\/wp-json\/wp\/v2\/media\/286086"}],"wp:attachment":[{"href":"https:\/\/www.pcnen.com\/portal\/wp-json\/wp\/v2\/media?parent=337056"}],"wp:term":[{"taxonomy":"category","embeddable":true,"href":"https:\/\/www.pcnen.com\/portal\/wp-json\/wp\/v2\/categories?post=337056"},{"taxonomy":"post_tag","embeddable":true,"href":"https:\/\/www.pcnen.com\/portal\/wp-json\/wp\/v2\/tags?post=337056"}],"curies":[{"name":"wp","href":"https:\/\/api.w.org\/{rel}","templated":true}]}}