{"id":336753,"date":"2022-01-17T12:07:46","date_gmt":"2022-01-17T11:07:46","guid":{"rendered":"https:\/\/www.pcnen.com\/portal\/?p=336753"},"modified":"2022-01-17T13:29:45","modified_gmt":"2022-01-17T12:29:45","slug":"rasplet-2","status":"publish","type":"post","link":"https:\/\/www.pcnen.com\/portal\/2022\/01\/17\/rasplet-2\/","title":{"rendered":"Rasplet"},"content":{"rendered":"<p>URA je izgleda, najzad, prelomila. Osim onih nacionalno ostra\u0161\u0107enih i crkvom opijenih koji to ne \u017eele da vide, zna se da ova Vlada odavno nema podr\u0161ku parlamentarne ve\u0107ine, ni ve\u0107ine u javnom mnijenju, \u0161to su pokazala sva relevantna istra\u017eivanja sprovedena u poslednjih nekoliko mjeseci. Mu\u010denje sa blokadom Vlade traje predugo, ali niko iz parlamentarne ve\u0107ine nije imao petlje da jasno i glasno ka\u017ee \u201ecar je go\u201c i pokrene proceduru za izglasavanje njenog nepovjerenje. O\u010dito je da je aktualna Vlada izgubila i podr\u0161ku me\u0111unarodne zajednice, \u0161to se vidi iz neubi\u010dajeno otvorenih izjava njenih zvani\u010dnika, koji sugeri\u0161u da je Crnoj Gori potrebna stabilna ve\u0107ina, koju aktuelna Vlada, o\u010dito je, odavno nema.<\/p>\n<p>Stabilna ve\u0107ina je prosto nemogu\u0107a sa aktulenim premijerom, kojeg Demokratski front od po\u010detka mandata ru\u0161i. Bezrezervnu podr\u0161ku Vladi jedino jo\u0161 daju Demokrate i Prava Crna Gora, \u0161to je deset poslanika od 81. Od doga\u0111aja na Cetinju i poku\u0161aja smjene ministra Sekulovi\u0107a i direktora policije Br\u0111anina, te poku\u0161aja stvaranja nove ve\u0107ine bez URA-e, Krivokapi\u0107 je izgubio podr\u0161ku i Abazovi\u0107a.<\/p>\n<p>Me\u0111utim, za razliku od DF-a koji je svakodnevno otvoreno ru\u0161io Krivokapi\u0107a od juna mjeseca \u2013 na pri\u010du, URA je odlu\u010dila da za obaranje Vlade najprije stvori kakve-takve preduslove, a to je potpisivanje memoranduma sa strankama nacionalnih manjina i SNP-om, pa tek onda u\u0111e u taj proces. Iako izgleda i predstavlja se naivnim, Krivokapi\u0107 je, shvativ\u0161i da se ipak bli\u017ei kraj njegove Vlade i njega kao premijera, krenuo sa predizbornim programom \u201eEvropa sad\u201c, koji je osu\u0111en na propast, a za \u0161to \u0107e biti okrivljena neka nova ve\u0107ina i Vlada.<\/p>\n<p>Na fonu tog nerealnog i populisti\u010dkog programa, u kome se minimalna cijena rada podi\u017ee za skoro 100%, vra\u0107aju naknade za majke sa troje djece, uvode dje\u010diji dodaci za svu djecu, planira pove\u0107anje minimalne penzije na 200.00 eura, Krivokapi\u0107 je napravio dobru marketin\u0161ku osnovu za stvaranje budu\u0107e partije. Cijena ga o\u010dito nije interesovala. A ona \u0107e biti, pla\u0161im se, ogromna, i plati\u0107emo je svi.<\/p>\n<p>Formiranjem nove Vlade u\u0107i \u0107emo u period nove nestabilnost i protesta, a izbori nas \u010dekaju vjerovatno na jesen. Oni su svakako nepohodni i treba ih organizovati \u0161to prije, \u010dim se steknu osnovni uslovi. Do tada i o\u010di\u0161\u0107eni DPS mo\u017ee postati prihvatljiv koalicioni partner, iako mnogima to trenutno izgleda nezamislivo. Stalne sva\u0111e u aktuelno ve\u0107ini i Vlada koja je kao i DPS-ova bila vlada polovine gra\u0111ana \u00a0\u2013 ili \u010dak manje, u protekloj godini se pokazala kao lo\u0161a alternativa. Toliko lo\u0161a, da je i DPS postao prihvatljiva opcija \u010dak i dijelu gra\u0111ana koji su se trideset godina borili protiv njega.<\/p>\n<p>Znam da po\u0161tovani narod, bra\u0107a i sestre, ne bi mijenjali ni\u0161ta, jer su njihovi idoli Krivokapi\u0107, Brati\u0107, Mitrovi\u0107 i sli\u010dni, a Crkva i srpstvo vrhovna demokratska vrijednost. Mo\u017eda je to dobitna karta na koju igraju Demokrate, do skoro prihvatljiva alternativa za gra\u0111ane svih vjera i nacija, a od izbora uzdinaca po\u0161tovanog naroda, bra\u0107e i sestara, crkve posebno? Vidje\u0107emo uostalom, ve\u0107 na jesen, najvjerovatnije.<\/p>\n<p>Uglavnom, jedna velika \u0161ansa i nada je neslavno propala. Dok \u010dekamo drugu, sve vi\u0161e mladih samo gleda na\u010din kako da pobjegne odavde. U borbi za srpsku, odnosno crnogorsku Crnu Goru, a ne demokratsku i prosperitetnu za sve njene gra\u0111ane, ona je postala i sve vi\u0161e \u0107e postaje stara\u010dka Crna Gora. Tako je u svim dr\u017eavama regiona, \u010diji je zajedni\u010dki imenitelj, pored ostalog, taj, \u0161to ih sve vode beskompromisni borci za nacionalne interese \u2013 staraca, uz nesibi\u010dnu pomo\u0107 i podr\u0161ku crkve, ali i d\u017eamije.<\/p>\n","protected":false},"excerpt":{"rendered":"<p>Pi\u0161e: Omer \u0160ARKI\u0106<\/p>\n","protected":false},"author":12,"featured_media":286086,"comment_status":"open","ping_status":"closed","sticky":false,"template":"","format":"standard","meta":{"_seopress_robots_primary_cat":"","_seopress_titles_title":"","_seopress_titles_desc":"","_seopress_robots_index":"","_et_pb_use_builder":"","_et_pb_old_content":"","_et_gb_content_width":"","inline_featured_image":false,"footnotes":""},"categories":[17],"tags":[],"class_list":["post-336753","post","type-post","status-publish","format-standard","has-post-thumbnail","hentry","category-blogovi"],"_links":{"self":[{"href":"https:\/\/www.pcnen.com\/portal\/wp-json\/wp\/v2\/posts\/336753","targetHints":{"allow":["GET"]}}],"collection":[{"href":"https:\/\/www.pcnen.com\/portal\/wp-json\/wp\/v2\/posts"}],"about":[{"href":"https:\/\/www.pcnen.com\/portal\/wp-json\/wp\/v2\/types\/post"}],"author":[{"embeddable":true,"href":"https:\/\/www.pcnen.com\/portal\/wp-json\/wp\/v2\/users\/12"}],"replies":[{"embeddable":true,"href":"https:\/\/www.pcnen.com\/portal\/wp-json\/wp\/v2\/comments?post=336753"}],"version-history":[{"count":7,"href":"https:\/\/www.pcnen.com\/portal\/wp-json\/wp\/v2\/posts\/336753\/revisions"}],"predecessor-version":[{"id":336772,"href":"https:\/\/www.pcnen.com\/portal\/wp-json\/wp\/v2\/posts\/336753\/revisions\/336772"}],"wp:featuredmedia":[{"embeddable":true,"href":"https:\/\/www.pcnen.com\/portal\/wp-json\/wp\/v2\/media\/286086"}],"wp:attachment":[{"href":"https:\/\/www.pcnen.com\/portal\/wp-json\/wp\/v2\/media?parent=336753"}],"wp:term":[{"taxonomy":"category","embeddable":true,"href":"https:\/\/www.pcnen.com\/portal\/wp-json\/wp\/v2\/categories?post=336753"},{"taxonomy":"post_tag","embeddable":true,"href":"https:\/\/www.pcnen.com\/portal\/wp-json\/wp\/v2\/tags?post=336753"}],"curies":[{"name":"wp","href":"https:\/\/api.w.org\/{rel}","templated":true}]}}