{"id":336546,"date":"2022-01-14T09:40:26","date_gmt":"2022-01-14T08:40:26","guid":{"rendered":"https:\/\/www.pcnen.com\/portal\/?p=336546"},"modified":"2022-01-14T09:40:26","modified_gmt":"2022-01-14T08:40:26","slug":"dokovic-pozvan-na-razgovor","status":"publish","type":"post","link":"https:\/\/www.pcnen.com\/portal\/2022\/01\/14\/dokovic-pozvan-na-razgovor\/","title":{"rendered":"\u0110okovi\u0107 pozvan na razgovor"},"content":{"rendered":"<p>Nakon odluke ministra za imigracije Aleksa Houka da mu ukine vizu za Australiju, Novak \u0110okovi\u0107 &#8220;razmatra opcije&#8221;, javlja Rojters.<\/p>\n<p>Kako javlja australijski &#8220;The Age&#8221;, \u0110okovi\u0107 je pozvan da u subotu razgovara sa imigracionim zvani\u010dnicima, kao i da ne\u0107e biti priveden do tog razgovora ili pokretanja bilo koje pravne radnje.<\/p>\n<p>BBC javlja da \u0110okovi\u0107 ostaje u hotelu u kome je boravio od ponedjeljka.<\/p>\n<p>\u0110okovi\u0107u preostaje mu ili da se povinuje odluci i napusti zemlju, ili da podnese \u017ealbu.<\/p>\n<p>Ukoliko eventualna \u017ealba bude odbijena, bi\u0107e deportovan iz Australije.<\/p>\n<p>Kako navode izvori iz Australije, pravni tim srpskog tenisera je spreman da ide na sud.<\/p>\n<p>I vremena nema mnogo, jer predstoji vikend, tako da bi slu\u010daj morao da se zavr\u0161i u nedjelju, s obzirom da Australijan open po\u010dinje u ponedjeljak.<\/p>\n<p>I ovaj slu\u010daj bi trebalo da vodi sudija Entoni Keli, koji je omogu\u0107io \u0110okovi\u0107u ulazak u zemlju, ali bi on mogao da ga proslijedi i Federalnom sudu.<\/p>\n<blockquote class=\"twitter-tweet\">\n<p dir=\"ltr\" lang=\"en\">Djokovic been asked to present himself for an interview with immigration officials tomorrow<\/p>\n<p>Govt currently talking with his lawyers, per <a href=\"https:\/\/twitter.com\/Gallo_Ways?ref_src=twsrc%5Etfw\">@Gallo_Ways<\/a><\/p>\n<p>He will be staying out of detention until the interview and pending any legal action <a href=\"https:\/\/twitter.com\/theage?ref_src=twsrc%5Etfw\">@theage<\/a> <a href=\"https:\/\/t.co\/Q8IUDnMhLG\">https:\/\/t.co\/Q8IUDnMhLG<\/a><\/p>\n<p>\u2014 Paul Sakkal (@paulsakkal) <a href=\"https:\/\/twitter.com\/paulsakkal\/status\/1481902683011563521?ref_src=twsrc%5Etfw\">January 14, 2022<\/a><\/p><\/blockquote>\n<p><script async src=\"https:\/\/platform.twitter.com\/widgets.js\" charset=\"utf-8\"><\/script><\/p>\n","protected":false},"excerpt":{"rendered":"<p>Kako javlja australijski &#8220;The Age&#8221;, \u0110okovi\u0107 je pozvan da u subotu razgovara sa imigracionim zvani\u010dnicima, kao i da ne\u0107e biti priveden do tog razgovora ili pokretanja bilo koje pravne radnje.<\/p>\n","protected":false},"author":1,"featured_media":0,"comment_status":"open","ping_status":"closed","sticky":false,"template":"","format":"standard","meta":{"_seopress_robots_primary_cat":"","_seopress_titles_title":"","_seopress_titles_desc":"","_seopress_robots_index":"","_et_pb_use_builder":"","_et_pb_old_content":"","_et_gb_content_width":"","inline_featured_image":false,"footnotes":""},"categories":[14],"tags":[],"class_list":["post-336546","post","type-post","status-publish","format-standard","hentry","category-vijesti"],"_links":{"self":[{"href":"https:\/\/www.pcnen.com\/portal\/wp-json\/wp\/v2\/posts\/336546","targetHints":{"allow":["GET"]}}],"collection":[{"href":"https:\/\/www.pcnen.com\/portal\/wp-json\/wp\/v2\/posts"}],"about":[{"href":"https:\/\/www.pcnen.com\/portal\/wp-json\/wp\/v2\/types\/post"}],"author":[{"embeddable":true,"href":"https:\/\/www.pcnen.com\/portal\/wp-json\/wp\/v2\/users\/1"}],"replies":[{"embeddable":true,"href":"https:\/\/www.pcnen.com\/portal\/wp-json\/wp\/v2\/comments?post=336546"}],"version-history":[{"count":2,"href":"https:\/\/www.pcnen.com\/portal\/wp-json\/wp\/v2\/posts\/336546\/revisions"}],"predecessor-version":[{"id":336548,"href":"https:\/\/www.pcnen.com\/portal\/wp-json\/wp\/v2\/posts\/336546\/revisions\/336548"}],"wp:attachment":[{"href":"https:\/\/www.pcnen.com\/portal\/wp-json\/wp\/v2\/media?parent=336546"}],"wp:term":[{"taxonomy":"category","embeddable":true,"href":"https:\/\/www.pcnen.com\/portal\/wp-json\/wp\/v2\/categories?post=336546"},{"taxonomy":"post_tag","embeddable":true,"href":"https:\/\/www.pcnen.com\/portal\/wp-json\/wp\/v2\/tags?post=336546"}],"curies":[{"name":"wp","href":"https:\/\/api.w.org\/{rel}","templated":true}]}}