{"id":33648,"date":"2010-01-05T12:24:43","date_gmt":"2010-01-05T12:24:43","guid":{"rendered":"http:\/\/www.pcnen.com\/portal\/?p=33648"},"modified":"2010-01-05T12:24:43","modified_gmt":"2010-01-05T12:24:43","slug":"sejdiju-trazi-gasenje-paralelnih-struktutra-na-kosovu","status":"publish","type":"post","link":"https:\/\/www.pcnen.com\/portal\/2010\/01\/05\/sejdiju-trazi-gasenje-paralelnih-struktutra-na-kosovu\/","title":{"rendered":"Sejdiju tra\u017ei ga\u0161enje paralelnih struktutra na Kosovu"},"content":{"rendered":"<p>Predsjednik Kosova Fatmir Sejdiju, zatra\u017eio je danas u razgovoru sa komandantom KFOR na Kosovu Iv de Kermabonom i zamjenikom specijalnog predstavnika EU, Piterom Fejtom, podr&scaron;ku Euleksa i medjunarodne zajednice u preduzimanju urgentih mjera za ga&scaron;enje paralelnih institucija Srbije na Kosovu.<\/p>\n<p>Predsjendnik Kosova zatra\u017eio je i onemogu\u0107avnje daljeg destruktivnog djelovanja iz Srbije.<\/p>\n<p>Srbija je sredinom decembra prilikom dono&scaron;enja odluke o imenovanju novih sudija&nbsp; na njenoj teritoriji, imenovala i sudije za paralelne srpske strukture&nbsp; na Kosovu, podsje\u0107a <em>RSE<\/em>.&nbsp; <\/p>\n<p>Sejdiju je danas poru\u010dio da Kosovo ima jedan jedini pravosudni sistem i svaki poku&scaron;aj kr&scaron;enja tog pravnog poretka neprihvatljiv je i protivzakonit. <\/p>\n","protected":false},"excerpt":{"rendered":"<p>Predsjednik Kosova Fatmir Sejdiju, zatra\u017eio je danas u razgovoru sa komandantom KFOR na Kosovu Iv de Kermabonom i zamjenikom specijalnog predstavnika EU, Piterom Fejtom, podr&scaron;ku Euleksa i medjunarodne zajednice u preduzimanju urgentih mjera za ga&scaron;enje paralelnih institucija Srbije na Kosovu. Predsjendnik Kosova zatra\u017eio je i onemogu\u0107avnje daljeg destruktivnog djelovanja iz Srbije. Srbija je sredinom decembra [&hellip;]<\/p>\n","protected":false},"author":1,"featured_media":0,"comment_status":"open","ping_status":"closed","sticky":false,"template":"","format":"standard","meta":{"_seopress_robots_primary_cat":"","_seopress_titles_title":"","_seopress_titles_desc":"","_seopress_robots_index":"","_et_pb_use_builder":"","_et_pb_old_content":"","_et_gb_content_width":"","inline_featured_image":false,"footnotes":""},"categories":[14],"tags":[],"class_list":["post-33648","post","type-post","status-publish","format-standard","hentry","category-vijesti"],"_links":{"self":[{"href":"https:\/\/www.pcnen.com\/portal\/wp-json\/wp\/v2\/posts\/33648","targetHints":{"allow":["GET"]}}],"collection":[{"href":"https:\/\/www.pcnen.com\/portal\/wp-json\/wp\/v2\/posts"}],"about":[{"href":"https:\/\/www.pcnen.com\/portal\/wp-json\/wp\/v2\/types\/post"}],"author":[{"embeddable":true,"href":"https:\/\/www.pcnen.com\/portal\/wp-json\/wp\/v2\/users\/1"}],"replies":[{"embeddable":true,"href":"https:\/\/www.pcnen.com\/portal\/wp-json\/wp\/v2\/comments?post=33648"}],"version-history":[{"count":0,"href":"https:\/\/www.pcnen.com\/portal\/wp-json\/wp\/v2\/posts\/33648\/revisions"}],"wp:attachment":[{"href":"https:\/\/www.pcnen.com\/portal\/wp-json\/wp\/v2\/media?parent=33648"}],"wp:term":[{"taxonomy":"category","embeddable":true,"href":"https:\/\/www.pcnen.com\/portal\/wp-json\/wp\/v2\/categories?post=33648"},{"taxonomy":"post_tag","embeddable":true,"href":"https:\/\/www.pcnen.com\/portal\/wp-json\/wp\/v2\/tags?post=33648"}],"curies":[{"name":"wp","href":"https:\/\/api.w.org\/{rel}","templated":true}]}}