{"id":33642,"date":"2010-01-04T22:33:53","date_gmt":"2010-01-04T22:33:53","guid":{"rendered":"http:\/\/www.pcnen.com\/portal\/?p=33642"},"modified":"2010-01-04T22:33:53","modified_gmt":"2010-01-04T22:33:53","slug":"ukinuta-presuda-generalu-trifunovicu","status":"publish","type":"post","link":"https:\/\/www.pcnen.com\/portal\/2010\/01\/04\/ukinuta-presuda-generalu-trifunovicu\/","title":{"rendered":"Ukinuta presuda generalu Trifunovi\u0107u"},"content":{"rendered":"<p>Vrhovni sud Srbije vratio je na po\u010detak su\u0111enje, kojim je nekada&scaron;nji <a href=\"http:\/\/www.mail-archive.com\/sim@antic.org\/msg15901.html\">general JNA Vlado Trifunovi\u0107 <\/a>osu\u0111en na 11 godina zatvora. <\/p>\n<p>Devet godina nakon pada re\u017eima Slobodana Milo&scaron;evi\u0107a, nekada&scaron;nji general JNA Vlado Trifunovi\u0107 do\u010dekao je poni&scaron;tenje presude za izdaju. <\/p>\n<p>Trifunovi\u0107 je 1991. godine kasarnu u Vara\u017edinu predao hrvatskim snagama, a nekoliko stotina mladih vojnika poslao ku\u0107i i na taj na\u010din im spasao \u017eivote. <\/p>\n<p>Vrhovni sud Srbije ukinuo je presudu kojom su general JNA Vlado Trifunovi\u0107 i grupa vojnih oficira prije 14 godina osu\u0111eni na zatvorske kazne zbog podrivanja vojne i odbrambene mo\u0107i zemlje. <\/p>\n<p>General Trifunovi\u0107, usamljen i bolestan, od 1992. godine \u017eivi u jednoj sobi hotela Bristol u Beogradu. Napustio je samo za vreme boravka u istra\u017enom zatvoru, a zatim i tokom robijanja u Zabeli, podsje\u0107a <em>B92<\/em>. <\/p>\n<p>U nju se i vratio nakon &scaron;to ga je pomilovao tada&scaron;nji predsjednik SRJ Zoran Lili\u0107. U razgovoru za TV B92 2003 godine, Trifunovi\u0107 je otkrio sve detalje svog slu\u017ebovanja, ali i &scaron;ta se doga\u0111alo u pozadini sudskih procesa koji su protiv njega vo\u0111eni devedesetih.<\/p>\n<p>Pored toga &scaron;to je u Srbiji 1995. godine osu\u0111en na sedam godina zatvora, general Trifunovi\u0107 je u Hrvatskoj optu\u017een za ratne zlo\u010dine i osu\u0111en na 15 godina zatvora, dok se u Sloveniji vodi istraga zbog nadle\u017enosti koje je imao i na dijelu teritorije te zemlje.<\/p>\n","protected":false},"excerpt":{"rendered":"<p>Vrhovni sud Srbije vratio je na po\u010detak su\u0111enje, kojim je nekada&scaron;nji general JNA Vlado Trifunovi\u0107 osu\u0111en na 11 godina zatvora. Devet godina nakon pada re\u017eima Slobodana Milo&scaron;evi\u0107a, nekada&scaron;nji general JNA Vlado Trifunovi\u0107 do\u010dekao je poni&scaron;tenje presude za izdaju. Trifunovi\u0107 je 1991. godine kasarnu u Vara\u017edinu predao hrvatskim snagama, a nekoliko stotina mladih vojnika poslao ku\u0107i [&hellip;]<\/p>\n","protected":false},"author":1,"featured_media":0,"comment_status":"open","ping_status":"closed","sticky":false,"template":"","format":"standard","meta":{"_seopress_robots_primary_cat":"","_seopress_titles_title":"","_seopress_titles_desc":"","_seopress_robots_index":"","_et_pb_use_builder":"","_et_pb_old_content":"","_et_gb_content_width":"","inline_featured_image":false,"footnotes":""},"categories":[14],"tags":[],"class_list":["post-33642","post","type-post","status-publish","format-standard","hentry","category-vijesti"],"_links":{"self":[{"href":"https:\/\/www.pcnen.com\/portal\/wp-json\/wp\/v2\/posts\/33642","targetHints":{"allow":["GET"]}}],"collection":[{"href":"https:\/\/www.pcnen.com\/portal\/wp-json\/wp\/v2\/posts"}],"about":[{"href":"https:\/\/www.pcnen.com\/portal\/wp-json\/wp\/v2\/types\/post"}],"author":[{"embeddable":true,"href":"https:\/\/www.pcnen.com\/portal\/wp-json\/wp\/v2\/users\/1"}],"replies":[{"embeddable":true,"href":"https:\/\/www.pcnen.com\/portal\/wp-json\/wp\/v2\/comments?post=33642"}],"version-history":[{"count":0,"href":"https:\/\/www.pcnen.com\/portal\/wp-json\/wp\/v2\/posts\/33642\/revisions"}],"wp:attachment":[{"href":"https:\/\/www.pcnen.com\/portal\/wp-json\/wp\/v2\/media?parent=33642"}],"wp:term":[{"taxonomy":"category","embeddable":true,"href":"https:\/\/www.pcnen.com\/portal\/wp-json\/wp\/v2\/categories?post=33642"},{"taxonomy":"post_tag","embeddable":true,"href":"https:\/\/www.pcnen.com\/portal\/wp-json\/wp\/v2\/tags?post=33642"}],"curies":[{"name":"wp","href":"https:\/\/api.w.org\/{rel}","templated":true}]}}