{"id":33638,"date":"2010-01-04T15:53:01","date_gmt":"2010-01-04T15:53:01","guid":{"rendered":"http:\/\/www.pcnen.com\/portal\/?p=33638"},"modified":"2010-01-04T15:53:01","modified_gmt":"2010-01-04T15:53:01","slug":"sanader-iskljucen-iz-hdz-a","status":"publish","type":"post","link":"https:\/\/www.pcnen.com\/portal\/2010\/01\/04\/sanader-iskljucen-iz-hdz-a\/","title":{"rendered":"Sanader isklju\u010den iz HDZ-a?"},"content":{"rendered":"<p>Biv&scaron;i hrvatski premijer Ivo Sanader, prema nezvani\u010dnim informacijama, izba\u010den je iz HDZ-a posle svoje najave da se vra\u0107a u politiku. <\/p>\n<p>Odluka o izbacivanju Sanadera iz stranke donijeta je na hitno sazvanom sastanku vrha HDZ-a, kojem nijesu prisustvovali Sanader i &scaron;ef Sabora Luka Bebi\u0107, koji mu je dao podr&scaron;ku, prenosi <em>B92<\/em>. <\/p>\n<p>Sastanku, uz &scaron;eficu stranke i premijerku Jadranku Kosor, prisustvuju potpredsjednik Sabora Vladimir &Scaron;eks, ministar zdravlja Darko Milinovi\u0107, &scaron;ef diplomatije Gordan Jandrokovi\u0107, ministar mora Bo\u017eidar Kalmeta, kao i potpredsjednik stranke Andrija Hebrang. <\/p>\n<p>Kako javlja dopisnik B92 iz Zagreba, na sastanku se razmatra mogu\u0107nost isklju\u010denja jo&scaron; nekih \u010dlanova HDZ-a. <\/p>\n","protected":false},"excerpt":{"rendered":"<p>Biv&scaron;i hrvatski premijer Ivo Sanader, prema nezvani\u010dnim informacijama, izba\u010den je iz HDZ-a posle svoje najave da se vra\u0107a u politiku. Odluka o izbacivanju Sanadera iz stranke donijeta je na hitno sazvanom sastanku vrha HDZ-a, kojem nijesu prisustvovali Sanader i &scaron;ef Sabora Luka Bebi\u0107, koji mu je dao podr&scaron;ku, prenosi B92. Sastanku, uz &scaron;eficu stranke i [&hellip;]<\/p>\n","protected":false},"author":1,"featured_media":0,"comment_status":"open","ping_status":"closed","sticky":false,"template":"","format":"standard","meta":{"_seopress_robots_primary_cat":"","_seopress_titles_title":"","_seopress_titles_desc":"","_seopress_robots_index":"","_et_pb_use_builder":"","_et_pb_old_content":"","_et_gb_content_width":"","inline_featured_image":false,"footnotes":""},"categories":[14],"tags":[],"class_list":["post-33638","post","type-post","status-publish","format-standard","hentry","category-vijesti"],"_links":{"self":[{"href":"https:\/\/www.pcnen.com\/portal\/wp-json\/wp\/v2\/posts\/33638","targetHints":{"allow":["GET"]}}],"collection":[{"href":"https:\/\/www.pcnen.com\/portal\/wp-json\/wp\/v2\/posts"}],"about":[{"href":"https:\/\/www.pcnen.com\/portal\/wp-json\/wp\/v2\/types\/post"}],"author":[{"embeddable":true,"href":"https:\/\/www.pcnen.com\/portal\/wp-json\/wp\/v2\/users\/1"}],"replies":[{"embeddable":true,"href":"https:\/\/www.pcnen.com\/portal\/wp-json\/wp\/v2\/comments?post=33638"}],"version-history":[{"count":0,"href":"https:\/\/www.pcnen.com\/portal\/wp-json\/wp\/v2\/posts\/33638\/revisions"}],"wp:attachment":[{"href":"https:\/\/www.pcnen.com\/portal\/wp-json\/wp\/v2\/media?parent=33638"}],"wp:term":[{"taxonomy":"category","embeddable":true,"href":"https:\/\/www.pcnen.com\/portal\/wp-json\/wp\/v2\/categories?post=33638"},{"taxonomy":"post_tag","embeddable":true,"href":"https:\/\/www.pcnen.com\/portal\/wp-json\/wp\/v2\/tags?post=33638"}],"curies":[{"name":"wp","href":"https:\/\/api.w.org\/{rel}","templated":true}]}}