{"id":33634,"date":"2010-01-04T14:18:19","date_gmt":"2010-01-04T14:18:19","guid":{"rendered":"http:\/\/www.pcnen.com\/portal\/?p=33634"},"modified":"2010-01-04T14:18:19","modified_gmt":"2010-01-04T14:18:19","slug":"mugosa-novi-talas-gripa-sredinom-februara","status":"publish","type":"post","link":"https:\/\/www.pcnen.com\/portal\/2010\/01\/04\/mugosa-novi-talas-gripa-sredinom-februara\/","title":{"rendered":"Mugo\u0161a: Novi talas gripa sredinom februara"},"content":{"rendered":"<p>U Institutu za javno zdravlje o\u010dekuju novi talas gripa A(H1N1) sredinom februara i tokom marta. Razlog takvim o\u010dekivanjima, prema rije\u010dima direktor Instituta Bobana Mugo&scaron;e, je po\u010detak &scaron;kole, pa \u0107e se u zatvorenom, na malom prostoru, na\u0107i veliki broj osjetljive djece koja nijesu vakcinisana ili ve\u0107 preboljela grip.<\/p>\n<p>Mugo&scaron;a je agenciji <em>Mina<\/em> kazao da vakcinacija velikog broja ljudi mo\u017ee drasti\u010dno uticati na smanjenje broja inficiranih i &scaron;irenje epidemije. <\/p>\n<p>U Crnoj Gori se se, do kraja pro&scaron;le godine, protiv novog gripa vakcinisale 3424 osobe, prenosi <em>TV Vijesti.<\/em><\/p>\n","protected":false},"excerpt":{"rendered":"<p>U Institutu za javno zdravlje o\u010dekuju novi talas gripa A(H1N1) sredinom februara i tokom marta. Razlog takvim o\u010dekivanjima, prema rije\u010dima direktor Instituta Bobana Mugo&scaron;e, je po\u010detak &scaron;kole, pa \u0107e se u zatvorenom, na malom prostoru, na\u0107i veliki broj osjetljive djece koja nijesu vakcinisana ili ve\u0107 preboljela grip. Mugo&scaron;a je agenciji Mina kazao da vakcinacija velikog [&hellip;]<\/p>\n","protected":false},"author":1,"featured_media":0,"comment_status":"open","ping_status":"closed","sticky":false,"template":"","format":"standard","meta":{"_seopress_robots_primary_cat":"","_seopress_titles_title":"","_seopress_titles_desc":"","_seopress_robots_index":"","_et_pb_use_builder":"","_et_pb_old_content":"","_et_gb_content_width":"","inline_featured_image":false,"footnotes":""},"categories":[14],"tags":[],"class_list":["post-33634","post","type-post","status-publish","format-standard","hentry","category-vijesti"],"_links":{"self":[{"href":"https:\/\/www.pcnen.com\/portal\/wp-json\/wp\/v2\/posts\/33634","targetHints":{"allow":["GET"]}}],"collection":[{"href":"https:\/\/www.pcnen.com\/portal\/wp-json\/wp\/v2\/posts"}],"about":[{"href":"https:\/\/www.pcnen.com\/portal\/wp-json\/wp\/v2\/types\/post"}],"author":[{"embeddable":true,"href":"https:\/\/www.pcnen.com\/portal\/wp-json\/wp\/v2\/users\/1"}],"replies":[{"embeddable":true,"href":"https:\/\/www.pcnen.com\/portal\/wp-json\/wp\/v2\/comments?post=33634"}],"version-history":[{"count":0,"href":"https:\/\/www.pcnen.com\/portal\/wp-json\/wp\/v2\/posts\/33634\/revisions"}],"wp:attachment":[{"href":"https:\/\/www.pcnen.com\/portal\/wp-json\/wp\/v2\/media?parent=33634"}],"wp:term":[{"taxonomy":"category","embeddable":true,"href":"https:\/\/www.pcnen.com\/portal\/wp-json\/wp\/v2\/categories?post=33634"},{"taxonomy":"post_tag","embeddable":true,"href":"https:\/\/www.pcnen.com\/portal\/wp-json\/wp\/v2\/tags?post=33634"}],"curies":[{"name":"wp","href":"https:\/\/api.w.org\/{rel}","templated":true}]}}