{"id":33633,"date":"2010-01-04T12:43:04","date_gmt":"2010-01-04T12:43:04","guid":{"rendered":"http:\/\/www.pcnen.com\/portal\/?p=33633"},"modified":"2010-01-04T12:43:04","modified_gmt":"2010-01-04T12:43:04","slug":"zene-zrtve-rata-zatrazile-saradnju-tuzilastva-bih-i-srbije","status":"publish","type":"post","link":"https:\/\/www.pcnen.com\/portal\/2010\/01\/04\/zene-zrtve-rata-zatrazile-saradnju-tuzilastva-bih-i-srbije\/","title":{"rendered":"&#8220;\u017dene \u017ertve rata&#8221; zatra\u017eile saradnju Tu\u017eila\u0161tva BiH i Srbije"},"content":{"rendered":"<p>Udru\u017eenje &quot;\u017dene \u017ertve rata&quot; zatra\u017eilo je od srbijanskog Tu\u017eila&scaron;tva za ratne zlo\u010dine punu saradnju, jer kako se isti\u010de u saop&scaron;tenju ovog udru\u017eenja, ne postoji saradnja u procesuiranju ratnih zlo\u010dina.<\/p>\n<p>Uzimaju\u0107i u obzir da se pred Tu\u017eila&scaron;tvom za ratne zlo\u010dine Srbije vodi proces za ratne zlo\u010dine protiv Brane Gruji\u0107a i drugih, a uhap&scaron;en je i Darko Jankovi\u0107 zvani &quot;Pufta&quot;, zatra\u017eile su od Tu\u017eila&scaron;tva BiH i Tu\u017eila&scaron;tva Srbije za ratne zlo\u010dine inteziviranje me\u0111usobne komunikacije.<\/p>\n<p>&quot;Tu\u017eila&scaron;tvo BiH bilo je du\u017eno, nakon hap&scaron;enja ratnih zlo\u010dinaca u Srbiji, stupiti u kontakt sa \u017ertvama i svjedocima o\u010devicima nad kojima su ratni zlo\u010din izvr&scaron;ili uhap&scaron;eni ratni zlo\u010dinci&quot;, ka\u017ee se u saop&scaron;tenju. <\/p>\n<p>Udru\u017eenje &quot;\u017dena-\u017drtva rata&quot; podsjetilo je da je Darko Jankovi\u0107 &quot;Pufta&quot; izvr&scaron;io genocid u Zvorniku nad bo&scaron;nja\u010dkim djevoj\u010dicama, djevojkama, \u017eenama kao i mu&scaron;karcima; te vr&scaron;io ubijanja, silovanja \u017eena i mu&scaron;karaca, premla\u0107ivanja, plja\u010dkanja itd, prenosi <em>Fena<\/em>.<\/p>\n","protected":false},"excerpt":{"rendered":"<p>Udru\u017eenje &quot;\u017dene \u017ertve rata&quot; zatra\u017eilo je od srbijanskog Tu\u017eila&scaron;tva za ratne zlo\u010dine punu saradnju, jer kako se isti\u010de u saop&scaron;tenju ovog udru\u017eenja, ne postoji saradnja u procesuiranju ratnih zlo\u010dina. Uzimaju\u0107i u obzir da se pred Tu\u017eila&scaron;tvom za ratne zlo\u010dine Srbije vodi proces za ratne zlo\u010dine protiv Brane Gruji\u0107a i drugih, a uhap&scaron;en je i Darko [&hellip;]<\/p>\n","protected":false},"author":1,"featured_media":0,"comment_status":"open","ping_status":"closed","sticky":false,"template":"","format":"standard","meta":{"_seopress_robots_primary_cat":"","_seopress_titles_title":"","_seopress_titles_desc":"","_seopress_robots_index":"","_et_pb_use_builder":"","_et_pb_old_content":"","_et_gb_content_width":"","inline_featured_image":false,"footnotes":""},"categories":[14],"tags":[],"class_list":["post-33633","post","type-post","status-publish","format-standard","hentry","category-vijesti"],"_links":{"self":[{"href":"https:\/\/www.pcnen.com\/portal\/wp-json\/wp\/v2\/posts\/33633","targetHints":{"allow":["GET"]}}],"collection":[{"href":"https:\/\/www.pcnen.com\/portal\/wp-json\/wp\/v2\/posts"}],"about":[{"href":"https:\/\/www.pcnen.com\/portal\/wp-json\/wp\/v2\/types\/post"}],"author":[{"embeddable":true,"href":"https:\/\/www.pcnen.com\/portal\/wp-json\/wp\/v2\/users\/1"}],"replies":[{"embeddable":true,"href":"https:\/\/www.pcnen.com\/portal\/wp-json\/wp\/v2\/comments?post=33633"}],"version-history":[{"count":0,"href":"https:\/\/www.pcnen.com\/portal\/wp-json\/wp\/v2\/posts\/33633\/revisions"}],"wp:attachment":[{"href":"https:\/\/www.pcnen.com\/portal\/wp-json\/wp\/v2\/media?parent=33633"}],"wp:term":[{"taxonomy":"category","embeddable":true,"href":"https:\/\/www.pcnen.com\/portal\/wp-json\/wp\/v2\/categories?post=33633"},{"taxonomy":"post_tag","embeddable":true,"href":"https:\/\/www.pcnen.com\/portal\/wp-json\/wp\/v2\/tags?post=33633"}],"curies":[{"name":"wp","href":"https:\/\/api.w.org\/{rel}","templated":true}]}}