{"id":33631,"date":"2010-01-04T11:21:25","date_gmt":"2010-01-04T11:21:25","guid":{"rendered":"http:\/\/www.pcnen.com\/portal\/?p=33631"},"modified":"2010-01-04T11:21:25","modified_gmt":"2010-01-04T11:21:25","slug":"spanija-nasleduje-vise-od-uobicajenog-u-eu","status":"publish","type":"post","link":"https:\/\/www.pcnen.com\/portal\/2010\/01\/04\/spanija-nasleduje-vise-od-uobicajenog-u-eu\/","title":{"rendered":"\u0160panija nasle\u0111uje vi\u0161e od uobi\u010dajenog u EU"},"content":{"rendered":"<p>Kada je &Scaron;panija 1. januara od &Scaron;vedske preuzela mjesto predsjedavaju\u0107e \u010dlanice Evropske unije, naslijedila je mnogo vi&scaron;e od uobi\u010dajenog spiska ekonomskih i spoljnopoliti\u010dkih &nbsp;izazova, pi&scaron;e <em>Financial Times.<\/em> <\/p>\n<p>&Scaron;panija je prva zemlja koja \u0107e stati na \u010delo Unije od usvajanja Lisabonskog ugovora, koji bi trebalo da oja\u010da proces odlu\u010divanja, ali u izvjesnoj mjeri i da umanji ulogu zemlje koja predsjedava. <\/p>\n<p>Evropska unija sada ima svog prvog stalnog predsjednika Hermana Van Rompujea, spoljnopoliti\u010dkog &scaron;efa lady Ashton i predsjednika Evropske komisije Jose Manuel Barrosa koji treba da je predstavljaju u svijetu. <\/p>\n<p>Me\u0111utim, to ne zna\u010di da \u0107e vladaju\u0107i &scaron;panski socijalisti odoljeti isku&scaron;enju da izvuku malo politi\u010dkog kapitala iz predsjedavanja Unijom. <\/p>\n<p>Zbog toga, nastavlja <em>Financial Times<\/em>, &Scaron;panija \u0107e sljede\u0107ih &scaron;est mjeseci energi\u010dno raditi s drugim \u010dlanica na sprovo\u0111enju Lisabonskog ugovora u djelo, ali \u0107e istovremeno unijeti i neke specifi\u010dno &scaron;panske elemente u svoje predsjedavanje, ne bi li se dodvorila doma\u0107em javnom mnjenju. <\/p>\n<p>Na primjer, sljede\u0107eg maja \u0107e biti doma\u0107in samitu s ju\u017enoameri\u010dkim zemljama u Madridu, a planira da organizuje i prvi samit Evropske unije i Maroka. <\/p>\n<p>Ova dva skupa ukazuju na zna\u010daj koji &Scaron;panija pridaje odnosima Evropske unije s njenim sredozemnim susjedima i s njenim biv&scaron;im ju\u017enoameri\u010dkim kolonijama, pi&scaron;e <em>Financial Times<\/em>, prenosi <em>BBC<\/em>. <\/p>\n","protected":false},"excerpt":{"rendered":"<p>Kada je &Scaron;panija 1. januara od &Scaron;vedske preuzela mjesto predsjedavaju\u0107e \u010dlanice Evropske unije, naslijedila je mnogo vi&scaron;e od uobi\u010dajenog spiska ekonomskih i spoljnopoliti\u010dkih &nbsp;izazova, pi&scaron;e Financial Times. &Scaron;panija je prva zemlja koja \u0107e stati na \u010delo Unije od usvajanja Lisabonskog ugovora, koji bi trebalo da oja\u010da proces odlu\u010divanja, ali u izvjesnoj mjeri i da umanji [&hellip;]<\/p>\n","protected":false},"author":1,"featured_media":0,"comment_status":"open","ping_status":"closed","sticky":false,"template":"","format":"standard","meta":{"_seopress_robots_primary_cat":"","_seopress_titles_title":"","_seopress_titles_desc":"","_seopress_robots_index":"","_et_pb_use_builder":"","_et_pb_old_content":"","_et_gb_content_width":"","inline_featured_image":false,"footnotes":""},"categories":[14],"tags":[],"class_list":["post-33631","post","type-post","status-publish","format-standard","hentry","category-vijesti"],"_links":{"self":[{"href":"https:\/\/www.pcnen.com\/portal\/wp-json\/wp\/v2\/posts\/33631","targetHints":{"allow":["GET"]}}],"collection":[{"href":"https:\/\/www.pcnen.com\/portal\/wp-json\/wp\/v2\/posts"}],"about":[{"href":"https:\/\/www.pcnen.com\/portal\/wp-json\/wp\/v2\/types\/post"}],"author":[{"embeddable":true,"href":"https:\/\/www.pcnen.com\/portal\/wp-json\/wp\/v2\/users\/1"}],"replies":[{"embeddable":true,"href":"https:\/\/www.pcnen.com\/portal\/wp-json\/wp\/v2\/comments?post=33631"}],"version-history":[{"count":0,"href":"https:\/\/www.pcnen.com\/portal\/wp-json\/wp\/v2\/posts\/33631\/revisions"}],"wp:attachment":[{"href":"https:\/\/www.pcnen.com\/portal\/wp-json\/wp\/v2\/media?parent=33631"}],"wp:term":[{"taxonomy":"category","embeddable":true,"href":"https:\/\/www.pcnen.com\/portal\/wp-json\/wp\/v2\/categories?post=33631"},{"taxonomy":"post_tag","embeddable":true,"href":"https:\/\/www.pcnen.com\/portal\/wp-json\/wp\/v2\/tags?post=33631"}],"curies":[{"name":"wp","href":"https:\/\/api.w.org\/{rel}","templated":true}]}}