{"id":336304,"date":"2022-01-10T11:28:51","date_gmt":"2022-01-10T10:28:51","guid":{"rendered":"https:\/\/www.pcnen.com\/portal\/?p=336304"},"modified":"2022-01-10T11:28:51","modified_gmt":"2022-01-10T10:28:51","slug":"godina-je-pocela-januarom","status":"publish","type":"post","link":"https:\/\/www.pcnen.com\/portal\/2022\/01\/10\/godina-je-pocela-januarom\/","title":{"rendered":"Godina je po\u010dela januarom"},"content":{"rendered":"<p>Malo prije Nove godine zaka\u010dih i ja neki od sojeva virusa, u sojskoj i \u010dojskoj Crnoj nam Gori. Jo\u0161 pod temperaturom, groznicama i strahom, pro\u010ditah izjavu Milene Popovi\u0107 Samrd\u017ei\u0107 u kojoj upozorava da je Kordinaciono tijelo donijelo polumjere i da \u0107e obzirom na predstoje\u0107e praznike biti haos. Kroz komentar na mre\u017ei dadoh joj podr\u0161ku, za razliku od ve\u0107ine, jer sam se li\u010dno uvjerio da je ve\u0107 tada ispred kovid ambulante upravo haos. Pravi haos je tek nastao, jo\u0161 traje, a rezultirao je smjenom Milene Popovi\u0107 Samard\u017ei\u0107. Smjenom, jer je upozorila i upozoravala, nije klimala glavom!<\/p>\n<p>Poslije Novogodi\u0161njih vatrometa, opijanja i pre\u017ederavanja, do\u0161li su Bo\u017ei\u0107ni \u2013 blagi dani. Koji se \u010destitaju sa \u201eMir Bo\u017eji, Hristos se rodi\u201c. U dva Bo\u017ei\u0107na dana je bilo svega osim mira. Pucalo se iz svih oru\u017eja i oru\u0111a, kao nekad po Dubrovniku. I pjevale su se sli\u010dne pjesme kao onomad.<\/p>\n<p>Ponekome je to zasmetalo. Pucnjava, mislim. Uglavnom zbog uznevjernih ku\u0107ih ljubimaca. Zbog ljudi i kom\u0161ija, ne. Oni i treba da strecaju i streknu. Valjda je to jedan od ciljeva tolike i takve pucnjave, propra\u0107ene \u00a0\u201eprigodnim\u201c pjesmama?<\/p>\n<p>Pi\u0161em o atmosferi u Crnog Gori, ne u Bosni!<\/p>\n<p>Za pobolj\u0161anje metabolizma, bolje varenje i pre\u017evakane hrane, te savladavanje kovid \u2013 groznice od koje je bolovalo sigurno 10% stanovni\u0161tva u toku praznika, a kad ve\u0107 nema novih najava obaranja i pada Vlade, poslu\u017eio je slu\u010daj \u0110okovi\u0107. Po\u0161tovani narod je cijelim svojim bi\u0107em i sopstvom stao uz njega, kao nekad uz litije, dok su ga \u201egra\u0111ani\u201c uglavnom napadali, osu\u0111ivali ga i presu\u0111ivali mu. Bio je to pravi demokratski front za i protiv \u0110okovi\u0107a, jo\u0161 jedna tema \u0111e smo mogli da ispoljimo svoj patriotizam tj. nacionalizam. Fotografije pokojnog mitropolita Amfilohija, aktuelnog Joanikija, manastira Ostrog, na par dana su na mre\u017eama zamjenjeni fotografijama \u0110okovi\u0107a, \u0161to je vidan demokratski iskorak! Politi\u010dari su se utrkivali da mu daju podr\u0161ku, a posebno se, kao uvijek, istako gradona\u010dalnik \u201emetropole turizma\u201c, elokventni i natprirodno inteligentni Marko Bato Carevi\u0107. Istovremeno, \u0110okovi\u0107ev otac je vodio najgoru antikapmpanju protiv svog ro\u0111enog sina.<\/p>\n<p>I dok svi sa nestrpljenjem \u010dekaju presudu Australijskog suda o slu\u010daju \u0110okovi\u0107, Vijesti su prenijele informaciju \u2013 uz fotografiju, da poznata glumica Vesna Pe\u0107anac, supruga najve\u0107eg crnogorskog reditelja \u017divka Nikoli\u0107a, \u017eivi u bijedi i hrani se u Narodnoj kuhinju u Beogradu. Bio je to \u0161ok za mnoge, pa i mene, iako sam negdje na\u010duo da je u te\u0161koj materijalnoj situaciji, kao \u0161to je bio i sam \u017divko poslednjih godina \u017eivota. Jednostavno se nijesam osvrtao na to. Najlak\u0161e je tako. Valjda sam podsvjesno \u017eelio da ne znam vi\u0161e, da ne istra\u017eujem dalje, jer \u0161to ja tu mogu? To je ono klasi\u010dno bje\u017eanje od problema koji nije moj, a jeste moj i na\u0161. To je i dokaz mog i na\u0161eg licemjerstva. Volim u svakoj prilici o filmu da istaknem genijalnost \u017divka Nikoli\u0107a \u2013 kao i mnogi, ali me optere\u0107uje pri\u010da o na\u0161em odnosu prema njemu i porodici mu.<\/p>\n<p>Sudbina Vesne Pe\u0107anac je, bar na trenutak, preuzela primat nad slu\u010dajem \u0110okovi\u0107. Oglasili su se mnogi, pa i dio aktuelnih crnogorskih politi\u010dara \u2013 koje ne volim, ali na na\u010din koji podr\u017eavam \u2013 da se ne\u0161to konkretno uradi i institucionalno joj se pomogne. To je na\u0161a du\u017enost i obaveza. Solidarnost je najve\u0107i patriotizam, a zbrinjavanje u\u017ee porodice zaslu\u017enog i vanserijskog umjetnika je \u010duvanje li\u010dnog, nacionalnog i dr\u017eavnog dostojanstva.<\/p>\n<p>&nbsp;<\/p>\n","protected":false},"excerpt":{"rendered":"<p>Pi\u0161e: Omer \u0160ARKI\u0106<\/p>\n","protected":false},"author":12,"featured_media":286086,"comment_status":"open","ping_status":"closed","sticky":false,"template":"","format":"standard","meta":{"_seopress_robots_primary_cat":"","_seopress_titles_title":"","_seopress_titles_desc":"","_seopress_robots_index":"","_et_pb_use_builder":"","_et_pb_old_content":"","_et_gb_content_width":"","inline_featured_image":false,"footnotes":""},"categories":[17],"tags":[],"class_list":["post-336304","post","type-post","status-publish","format-standard","has-post-thumbnail","hentry","category-blogovi"],"_links":{"self":[{"href":"https:\/\/www.pcnen.com\/portal\/wp-json\/wp\/v2\/posts\/336304","targetHints":{"allow":["GET"]}}],"collection":[{"href":"https:\/\/www.pcnen.com\/portal\/wp-json\/wp\/v2\/posts"}],"about":[{"href":"https:\/\/www.pcnen.com\/portal\/wp-json\/wp\/v2\/types\/post"}],"author":[{"embeddable":true,"href":"https:\/\/www.pcnen.com\/portal\/wp-json\/wp\/v2\/users\/12"}],"replies":[{"embeddable":true,"href":"https:\/\/www.pcnen.com\/portal\/wp-json\/wp\/v2\/comments?post=336304"}],"version-history":[{"count":3,"href":"https:\/\/www.pcnen.com\/portal\/wp-json\/wp\/v2\/posts\/336304\/revisions"}],"predecessor-version":[{"id":336309,"href":"https:\/\/www.pcnen.com\/portal\/wp-json\/wp\/v2\/posts\/336304\/revisions\/336309"}],"wp:featuredmedia":[{"embeddable":true,"href":"https:\/\/www.pcnen.com\/portal\/wp-json\/wp\/v2\/media\/286086"}],"wp:attachment":[{"href":"https:\/\/www.pcnen.com\/portal\/wp-json\/wp\/v2\/media?parent=336304"}],"wp:term":[{"taxonomy":"category","embeddable":true,"href":"https:\/\/www.pcnen.com\/portal\/wp-json\/wp\/v2\/categories?post=336304"},{"taxonomy":"post_tag","embeddable":true,"href":"https:\/\/www.pcnen.com\/portal\/wp-json\/wp\/v2\/tags?post=336304"}],"curies":[{"name":"wp","href":"https:\/\/api.w.org\/{rel}","templated":true}]}}