{"id":33630,"date":"2010-01-04T11:18:22","date_gmt":"2010-01-04T11:18:22","guid":{"rendered":"http:\/\/www.pcnen.com\/portal\/?p=33630"},"modified":"2010-01-04T11:18:22","modified_gmt":"2010-01-04T11:18:22","slug":"ministar-dacic-skinut-sa-crne-liste","status":"publish","type":"post","link":"https:\/\/www.pcnen.com\/portal\/2010\/01\/04\/ministar-dacic-skinut-sa-crne-liste\/","title":{"rendered":"Ministar Da\u010di\u0107 skinut sa &#8216;crne liste&#8217;"},"content":{"rendered":"<p>Srbijanski ministar policije Ivica Da\u010di\u0107 nakon vi&scaron;e od deset godina skinut je sa &quot;crne liste&quot; SAD.&nbsp;&nbsp;<\/p>\n<p>Kako saznaje <em>Press<\/em> Da\u010di\u0107 je dobio petogodi&scaron;nju ameri\u010dku vizu, i ve\u0107 krajem januara i\u0107i \u0107e u zvani\u010dnu posjetu Va&scaron;ingtonu.<\/p>\n<p>Ivici Da\u010di\u0107u je bio zabranjen ulazak u SAD zbog toga &scaron;to je bio blizak Slobodanu Milo&scaron;evi\u0107u.<\/p>\n","protected":false},"excerpt":{"rendered":"<p>Srbijanski ministar policije Ivica Da\u010di\u0107 nakon vi&scaron;e od deset godina skinut je sa &quot;crne liste&quot; SAD.&nbsp;&nbsp; Kako saznaje Press Da\u010di\u0107 je dobio petogodi&scaron;nju ameri\u010dku vizu, i ve\u0107 krajem januara i\u0107i \u0107e u zvani\u010dnu posjetu Va&scaron;ingtonu. Ivici Da\u010di\u0107u je bio zabranjen ulazak u SAD zbog toga &scaron;to je bio blizak Slobodanu Milo&scaron;evi\u0107u.<\/p>\n","protected":false},"author":1,"featured_media":0,"comment_status":"open","ping_status":"closed","sticky":false,"template":"","format":"standard","meta":{"_seopress_robots_primary_cat":"","_seopress_titles_title":"","_seopress_titles_desc":"","_seopress_robots_index":"","_et_pb_use_builder":"","_et_pb_old_content":"","_et_gb_content_width":"","inline_featured_image":false,"footnotes":""},"categories":[14],"tags":[],"class_list":["post-33630","post","type-post","status-publish","format-standard","hentry","category-vijesti"],"_links":{"self":[{"href":"https:\/\/www.pcnen.com\/portal\/wp-json\/wp\/v2\/posts\/33630","targetHints":{"allow":["GET"]}}],"collection":[{"href":"https:\/\/www.pcnen.com\/portal\/wp-json\/wp\/v2\/posts"}],"about":[{"href":"https:\/\/www.pcnen.com\/portal\/wp-json\/wp\/v2\/types\/post"}],"author":[{"embeddable":true,"href":"https:\/\/www.pcnen.com\/portal\/wp-json\/wp\/v2\/users\/1"}],"replies":[{"embeddable":true,"href":"https:\/\/www.pcnen.com\/portal\/wp-json\/wp\/v2\/comments?post=33630"}],"version-history":[{"count":0,"href":"https:\/\/www.pcnen.com\/portal\/wp-json\/wp\/v2\/posts\/33630\/revisions"}],"wp:attachment":[{"href":"https:\/\/www.pcnen.com\/portal\/wp-json\/wp\/v2\/media?parent=33630"}],"wp:term":[{"taxonomy":"category","embeddable":true,"href":"https:\/\/www.pcnen.com\/portal\/wp-json\/wp\/v2\/categories?post=33630"},{"taxonomy":"post_tag","embeddable":true,"href":"https:\/\/www.pcnen.com\/portal\/wp-json\/wp\/v2\/tags?post=33630"}],"curies":[{"name":"wp","href":"https:\/\/api.w.org\/{rel}","templated":true}]}}