{"id":33628,"date":"2010-01-04T11:03:09","date_gmt":"2010-01-04T11:03:09","guid":{"rendered":"http:\/\/www.pcnen.com\/portal\/?p=33628"},"modified":"2010-01-04T11:03:09","modified_gmt":"2010-01-04T11:03:09","slug":"ivanovic-cg-dobro-da-razmisli","status":"publish","type":"post","link":"https:\/\/www.pcnen.com\/portal\/2010\/01\/04\/ivanovic-cg-dobro-da-razmisli\/","title":{"rendered":"Ivanovi\u0107: CG dobro da razmisli"},"content":{"rendered":"<p>&quot;Oni imaju bar trideset odsto stanovnika koji se izja&scaron;njavaju kao Srbi i \u017eestoko se protive takvoj odluci. Nije nikako dobro imati na svojoj teritoriji toliko nezadovoljnih ljudi i to mora biti odlu\u010duju\u0107i element pri dono&scaron;enju odluke jer crnogorsko rukovodstvo i o tome mora da vodi ra\u010duna&quot;, rekao je on. <\/p>\n<p>Ivanovi\u0107 je rekao da to &quot;dodvoravanje&quot; me\u0111unarodnoj zajednici i mo\u0107nima Crnoj Gori ne\u0107e donijeti ni&scaron;ta dobro. &quot;Istovremeno \u0107e im naru&scaron;titi ionako krhke odnose sa Srbijom&quot;, kazao je ministar, prenosi agencija <em>FoNet<\/em>, ne navode\u0107i kojem mediju je Ivanovi\u0107 to rekao.<\/p>\n<p>Na pitanje da li bi moglo biti problema po pitanjima razgrani\u010denja izme\u0111u Kosova i Crne Gore, zbog brojnih zahtjeva sa kosovske strane da se vrati dio teritorije za koju se tvrdi da je zauzeta, Ivanovi\u0107 ka\u017ee da &quot;stranci ne\u0107e dozvoliti probleme&quot;. <\/p>\n","protected":false},"excerpt":{"rendered":"<p>Dr\u017eavni sekretar u Ministarstvu za Kosovo Oliver Ivanovi\u0107 rekao je da bi rukovodstvo Crne Gore &quot;moralo dobro da razmisli &quot; prije nego &scaron;to donese odluku o potpunom uspostavljanju diplomatskih odnosa sa Kosovom.<\/p>\n","protected":false},"author":1,"featured_media":0,"comment_status":"open","ping_status":"closed","sticky":false,"template":"","format":"standard","meta":{"_seopress_robots_primary_cat":"","_seopress_titles_title":"","_seopress_titles_desc":"","_seopress_robots_index":"","_et_pb_use_builder":"","_et_pb_old_content":"","_et_gb_content_width":"","inline_featured_image":false,"footnotes":""},"categories":[14],"tags":[],"class_list":["post-33628","post","type-post","status-publish","format-standard","hentry","category-vijesti"],"_links":{"self":[{"href":"https:\/\/www.pcnen.com\/portal\/wp-json\/wp\/v2\/posts\/33628","targetHints":{"allow":["GET"]}}],"collection":[{"href":"https:\/\/www.pcnen.com\/portal\/wp-json\/wp\/v2\/posts"}],"about":[{"href":"https:\/\/www.pcnen.com\/portal\/wp-json\/wp\/v2\/types\/post"}],"author":[{"embeddable":true,"href":"https:\/\/www.pcnen.com\/portal\/wp-json\/wp\/v2\/users\/1"}],"replies":[{"embeddable":true,"href":"https:\/\/www.pcnen.com\/portal\/wp-json\/wp\/v2\/comments?post=33628"}],"version-history":[{"count":0,"href":"https:\/\/www.pcnen.com\/portal\/wp-json\/wp\/v2\/posts\/33628\/revisions"}],"wp:attachment":[{"href":"https:\/\/www.pcnen.com\/portal\/wp-json\/wp\/v2\/media?parent=33628"}],"wp:term":[{"taxonomy":"category","embeddable":true,"href":"https:\/\/www.pcnen.com\/portal\/wp-json\/wp\/v2\/categories?post=33628"},{"taxonomy":"post_tag","embeddable":true,"href":"https:\/\/www.pcnen.com\/portal\/wp-json\/wp\/v2\/tags?post=33628"}],"curies":[{"name":"wp","href":"https:\/\/api.w.org\/{rel}","templated":true}]}}