{"id":33626,"date":"2010-01-04T11:06:39","date_gmt":"2010-01-04T11:06:39","guid":{"rendered":"http:\/\/www.pcnen.com\/portal\/?p=33626"},"modified":"2010-01-04T11:06:39","modified_gmt":"2010-01-04T11:06:39","slug":"irinej-novi-patrijarh-bice-izabran-zrijebom","status":"publish","type":"post","link":"https:\/\/www.pcnen.com\/portal\/2010\/01\/04\/irinej-novi-patrijarh-bice-izabran-zrijebom\/","title":{"rendered":"Irinej: Novi patrijarh bi\u0107e izabran \u017erijebom"},"content":{"rendered":"<p>Episkop ni&scaron;ki Irinej izjavio je da \u0107e novi srpski patrijarh biti izabran na &quot;apostolski na\u010din&quot;, odnosno \u017erijebom izmedju trojice episkopa sa najve\u0107im brojem glasova na Izbornom saboru Srpske pravoslavne crkve, koji \u0107e po\u010deti 22. januara.<\/p>\n<p>&quot;Na\u010dinom na koji se bira patrijarh apsolutno je isklju\u010dena mogu\u0107nost mije&scaron;anja bilo koga u izbor&quot;, rekao je Irinej za sjutra&scaron;nje izdanje beogradskog dnevnika <em>Press<\/em>.<\/p>\n<p>&quot;Pravo u\u010de&scaron;\u0107a imaju svi eparhijski arhijereji sa najmanje pet godina slu\u017ebe. Biraju se tri kandidata, a svaki kandidat treba da dobije dvotre\u0107insku ve\u0107inu glasova. Predsjednik Izbornog sabora bi\u0107e episkop &scaron;aba\u010dki Lavrentije. Na kraju, jedan monah \u0107e izvu\u0107i jednu od tri koverte sa imenima kandidata koji su u&scaron;li u naju\u017ei krug i preda\u0107e ga predsjedniku sabora&quot;, rekao je episkop Irinej.<\/p>\n<p>Patrijarh Pavle, koji je na isti na\u010din izabran 1. decembra 1990. godine, umro je 15. novembra 2009. godine, podsje\u0107a <em>Beta<\/em>.<\/p>\n","protected":false},"excerpt":{"rendered":"<p>Episkop ni&scaron;ki Irinej izjavio je da \u0107e novi srpski patrijarh biti izabran na &quot;apostolski na\u010din&quot;, odnosno \u017erijebom izmedju trojice episkopa sa najve\u0107im brojem glasova na Izbornom saboru Srpske pravoslavne crkve, koji \u0107e po\u010deti 22. januara. &quot;Na\u010dinom na koji se bira patrijarh apsolutno je isklju\u010dena mogu\u0107nost mije&scaron;anja bilo koga u izbor&quot;, rekao je Irinej za sjutra&scaron;nje [&hellip;]<\/p>\n","protected":false},"author":1,"featured_media":0,"comment_status":"open","ping_status":"closed","sticky":false,"template":"","format":"standard","meta":{"_seopress_robots_primary_cat":"","_seopress_titles_title":"","_seopress_titles_desc":"","_seopress_robots_index":"","_et_pb_use_builder":"","_et_pb_old_content":"","_et_gb_content_width":"","inline_featured_image":false,"footnotes":""},"categories":[14],"tags":[],"class_list":["post-33626","post","type-post","status-publish","format-standard","hentry","category-vijesti"],"_links":{"self":[{"href":"https:\/\/www.pcnen.com\/portal\/wp-json\/wp\/v2\/posts\/33626","targetHints":{"allow":["GET"]}}],"collection":[{"href":"https:\/\/www.pcnen.com\/portal\/wp-json\/wp\/v2\/posts"}],"about":[{"href":"https:\/\/www.pcnen.com\/portal\/wp-json\/wp\/v2\/types\/post"}],"author":[{"embeddable":true,"href":"https:\/\/www.pcnen.com\/portal\/wp-json\/wp\/v2\/users\/1"}],"replies":[{"embeddable":true,"href":"https:\/\/www.pcnen.com\/portal\/wp-json\/wp\/v2\/comments?post=33626"}],"version-history":[{"count":0,"href":"https:\/\/www.pcnen.com\/portal\/wp-json\/wp\/v2\/posts\/33626\/revisions"}],"wp:attachment":[{"href":"https:\/\/www.pcnen.com\/portal\/wp-json\/wp\/v2\/media?parent=33626"}],"wp:term":[{"taxonomy":"category","embeddable":true,"href":"https:\/\/www.pcnen.com\/portal\/wp-json\/wp\/v2\/categories?post=33626"},{"taxonomy":"post_tag","embeddable":true,"href":"https:\/\/www.pcnen.com\/portal\/wp-json\/wp\/v2\/tags?post=33626"}],"curies":[{"name":"wp","href":"https:\/\/api.w.org\/{rel}","templated":true}]}}