{"id":33623,"date":"2010-01-03T20:09:44","date_gmt":"2010-01-03T20:09:44","guid":{"rendered":"http:\/\/www.pcnen.com\/portal\/?p=33623"},"modified":"2010-01-03T20:09:44","modified_gmt":"2010-01-03T20:09:44","slug":"srbija-sjutra-podnosi-tuzba-protiv-hrvatske","status":"publish","type":"post","link":"https:\/\/www.pcnen.com\/portal\/2010\/01\/03\/srbija-sjutra-podnosi-tuzba-protiv-hrvatske\/","title":{"rendered":"Srbija sjutra podnosi tu\u017eba protiv Hrvatske"},"content":{"rendered":"<p>Ovla&scaron;\u0107eni pravni zastupnici Republike Srbije preda\u0107e sjutra Me\u0111unarodnom sudu pravde u Hagu kontratu\u017ebu protiv Republike Hrvatske, zbog zlo\u010dina po\u010dinjenih nad Srbima u toj dr\u017eavi od 1991. do 1995. godine, saznaje <em>RTS<\/em>.<\/p>\n<p>Hrvatska je MSP podnijela tu\u017ebu protiv Srbije 1999. godine. U njoj se tvrdi da je Beograd odgovoran za &quot;etni\u010dko \u010di&scaron;\u0107enje&quot; hrvatskih gra\u0111ana kao &quot;oblik genocida&quot;, zato &scaron;to je &quot;direktno kontrolisao aktivnosti svojih oru\u017eanih snaga, obavje&scaron;tajnih agenata i raznih paravojnih odreda koji su po\u010dinili zlo\u010dine na teritoriji Hrvatske&quot;. <\/p>\n<p>Navodi se da su zlo\u010dini po\u010dinjeni posebno u Vukovaru, regionu Knina, isto\u010dne i zapadne Slavonije i Dalmacije. Prema tvrdnji Hrvatske, u tom periodu ubijeno je oko 10 hiljada osoba, dok je vi&scaron;e od sedam hiljada bilo zatvoreno u logorima.&nbsp; <\/p>\n<p>MSP je docnije odbacio argumentaciju Srbije da nije nadle\u017ean da presu\u0111uje jer u vrijeme podno&scaron;enja tu\u017ebe Srbija, odno&scaron;no biv&scaron;a Savezna Republika Jugoslavija, nije bila \u010dlanica UN, a potom odredio rok do 22. marta 2010. godine da Srbija, u skladu sa procedurom, odgovori na navode iz hrvatske tu\u017ebe. <\/p>\n","protected":false},"excerpt":{"rendered":"<p>Ovla&scaron;\u0107eni pravni zastupnici Republike Srbije preda\u0107e sjutra Me\u0111unarodnom sudu pravde u Hagu kontratu\u017ebu protiv Republike Hrvatske, zbog zlo\u010dina po\u010dinjenih nad Srbima u toj dr\u017eavi od 1991. do 1995. godine, saznaje RTS. Hrvatska je MSP podnijela tu\u017ebu protiv Srbije 1999. godine. U njoj se tvrdi da je Beograd odgovoran za &quot;etni\u010dko \u010di&scaron;\u0107enje&quot; hrvatskih gra\u0111ana kao &quot;oblik [&hellip;]<\/p>\n","protected":false},"author":1,"featured_media":0,"comment_status":"open","ping_status":"closed","sticky":false,"template":"","format":"standard","meta":{"_seopress_robots_primary_cat":"","_seopress_titles_title":"","_seopress_titles_desc":"","_seopress_robots_index":"","_et_pb_use_builder":"","_et_pb_old_content":"","_et_gb_content_width":"","inline_featured_image":false,"footnotes":""},"categories":[14],"tags":[],"class_list":["post-33623","post","type-post","status-publish","format-standard","hentry","category-vijesti"],"_links":{"self":[{"href":"https:\/\/www.pcnen.com\/portal\/wp-json\/wp\/v2\/posts\/33623","targetHints":{"allow":["GET"]}}],"collection":[{"href":"https:\/\/www.pcnen.com\/portal\/wp-json\/wp\/v2\/posts"}],"about":[{"href":"https:\/\/www.pcnen.com\/portal\/wp-json\/wp\/v2\/types\/post"}],"author":[{"embeddable":true,"href":"https:\/\/www.pcnen.com\/portal\/wp-json\/wp\/v2\/users\/1"}],"replies":[{"embeddable":true,"href":"https:\/\/www.pcnen.com\/portal\/wp-json\/wp\/v2\/comments?post=33623"}],"version-history":[{"count":0,"href":"https:\/\/www.pcnen.com\/portal\/wp-json\/wp\/v2\/posts\/33623\/revisions"}],"wp:attachment":[{"href":"https:\/\/www.pcnen.com\/portal\/wp-json\/wp\/v2\/media?parent=33623"}],"wp:term":[{"taxonomy":"category","embeddable":true,"href":"https:\/\/www.pcnen.com\/portal\/wp-json\/wp\/v2\/categories?post=33623"},{"taxonomy":"post_tag","embeddable":true,"href":"https:\/\/www.pcnen.com\/portal\/wp-json\/wp\/v2\/tags?post=33623"}],"curies":[{"name":"wp","href":"https:\/\/api.w.org\/{rel}","templated":true}]}}