{"id":33622,"date":"2010-01-03T20:04:09","date_gmt":"2010-01-03T20:04:09","guid":{"rendered":"http:\/\/www.pcnen.com\/portal\/?p=33622"},"modified":"2010-01-03T20:04:09","modified_gmt":"2010-01-03T20:04:09","slug":"mesic-sanaderova-najava-povratka-neprimjerena","status":"publish","type":"post","link":"https:\/\/www.pcnen.com\/portal\/2010\/01\/03\/mesic-sanaderova-najava-povratka-neprimjerena\/","title":{"rendered":"Mesi\u0107: Sanaderova najava povratka neprimjerena"},"content":{"rendered":"<p>Predsjednik Hrvatske Stjepan Mesi\u0107 izjavio je danas da je najava Iva Sanadera da se vra\u0107a u aktivnu politiku neprimjerena, a pojavljivanje dijela HDZ-ovih saborskih zastupnika na njegovoj dana&scaron;njoj konferenciji za novinare u prostorijama stranke Mesi\u0107 smatra &quot;odre\u0111enom porukom&quot;, prenosi <em>RSE<\/em>. <\/p>\n<p>&quot;Kao &scaron;to je odlazak Iva Sanadera s mjesta premijera sve iznenadio i ve\u0107ina smatra da je to bilo neprimjereno i za Hrvatsku &scaron;tetno, tako i sada povratak u politi\u010dki prostor, opet je na odre\u0111eni na\u010din neprimjeren. Jer \u0107e se taj povrat u politi\u010dki prostor tuma\u010diti na razne na\u010dine. Jer, ako se jedan dio zastupnika pojavljuje s po\u010dasnim predsjednikom, a ne pojavljuje se u dru&scaron;tvu s predsjednicom stranke, svakako da je to odre\u0111ena poruka&quot;, ustvrdio je Mesi\u0107 u razgovoru za <em>Hrvatski radio.<\/em> <\/p>\n","protected":false},"excerpt":{"rendered":"<p>Predsjednik Hrvatske Stjepan Mesi\u0107 izjavio je danas da je najava Iva Sanadera da se vra\u0107a u aktivnu politiku neprimjerena, a pojavljivanje dijela HDZ-ovih saborskih zastupnika na njegovoj dana&scaron;njoj konferenciji za novinare u prostorijama stranke Mesi\u0107 smatra &quot;odre\u0111enom porukom&quot;, prenosi RSE. &quot;Kao &scaron;to je odlazak Iva Sanadera s mjesta premijera sve iznenadio i ve\u0107ina smatra da [&hellip;]<\/p>\n","protected":false},"author":1,"featured_media":0,"comment_status":"open","ping_status":"closed","sticky":false,"template":"","format":"standard","meta":{"_seopress_robots_primary_cat":"","_seopress_titles_title":"","_seopress_titles_desc":"","_seopress_robots_index":"","_et_pb_use_builder":"","_et_pb_old_content":"","_et_gb_content_width":"","inline_featured_image":false,"footnotes":""},"categories":[14],"tags":[],"class_list":["post-33622","post","type-post","status-publish","format-standard","hentry","category-vijesti"],"_links":{"self":[{"href":"https:\/\/www.pcnen.com\/portal\/wp-json\/wp\/v2\/posts\/33622","targetHints":{"allow":["GET"]}}],"collection":[{"href":"https:\/\/www.pcnen.com\/portal\/wp-json\/wp\/v2\/posts"}],"about":[{"href":"https:\/\/www.pcnen.com\/portal\/wp-json\/wp\/v2\/types\/post"}],"author":[{"embeddable":true,"href":"https:\/\/www.pcnen.com\/portal\/wp-json\/wp\/v2\/users\/1"}],"replies":[{"embeddable":true,"href":"https:\/\/www.pcnen.com\/portal\/wp-json\/wp\/v2\/comments?post=33622"}],"version-history":[{"count":0,"href":"https:\/\/www.pcnen.com\/portal\/wp-json\/wp\/v2\/posts\/33622\/revisions"}],"wp:attachment":[{"href":"https:\/\/www.pcnen.com\/portal\/wp-json\/wp\/v2\/media?parent=33622"}],"wp:term":[{"taxonomy":"category","embeddable":true,"href":"https:\/\/www.pcnen.com\/portal\/wp-json\/wp\/v2\/categories?post=33622"},{"taxonomy":"post_tag","embeddable":true,"href":"https:\/\/www.pcnen.com\/portal\/wp-json\/wp\/v2\/tags?post=33622"}],"curies":[{"name":"wp","href":"https:\/\/api.w.org\/{rel}","templated":true}]}}