{"id":33619,"date":"2010-01-03T13:53:22","date_gmt":"2010-01-03T13:53:22","guid":{"rendered":"http:\/\/www.pcnen.com\/portal\/?p=33619"},"modified":"2010-01-03T13:53:22","modified_gmt":"2010-01-03T13:53:22","slug":"sanader-vracam-se","status":"publish","type":"post","link":"https:\/\/www.pcnen.com\/portal\/2010\/01\/03\/sanader-vracam-se\/","title":{"rendered":"Sanader: Vra\u0107am se"},"content":{"rendered":"<p>Biv&scaron;i hrvatski premijer Ivo Sanader najavio je danas povratak u politiku i aktiviranje statutarne uloge po\u010dasnog predsjednika HDZ.<\/p>\n<p>&quot;Donio sam tu odluku budu\u0107i da je HDZ u prvom krugu predsjedni\u010dkih izbora imao najlo&scaron;iji rezultat od osnivanja 1989. do danas. Odgovornost ne le\u017ei samo u kandidatu Andriji Hebrangu nego u nesnala\u017eenju u vo\u0111enju stranke&quot;, rekao je Sanader na vanrednoj konferenciji za novinare u Zagrebu. <\/p>\n<p>Sanader je naglasio da je to i dio njegove odgovornosti i da \u0107e se zbog toga od danas potpuno aktivirati, isti\u010du\u0107i da je HDZ pobjedni\u010dka stranka, a ne stranka od 12 odsto glasova.<\/p>\n<p>On je rekao da je odluka da se potpuno povu\u010de iz aktivne politike bila pogre&scaron;na i dodao da njegov moratorijum na mogu\u0107i povratak u Sabor isti\u010de 15. januara nakon \u010dega je, kako je rekao, sve mogu\u0107e. <\/p>\n<p>Sanader je naveo da \u0107e od danas svoj polo\u017eaj koristiti za dobrobit stranke, dodaju\u0107i da je njegov povratak &quot;ja\u010danje HDZ-a&quot; <\/p>\n<p>Ivo Sanader podnio je 1. jula pro&scaron;le godine ostavku na sve partijske i dr\u017eavne funkcije, uklju\u010duju\u0107i i funkciju predsjednika Vlade. <\/p>\n<p>On nije naveo razloge svoje ostavke, ali je istakao da odlazi iz politike zadovoljan, jer je dr\u017eava ostvarila svoje strate&scaron;ke ciljeve, \u010dlanica je Savjeta bezbijednosti, NATO i na pragu je Evropske unije.<\/p>\n<p>Sanadera je na funkciji premijera i predsjednika HDZ-a zamijenila Jadranka Kosor.<\/p>\n","protected":false},"excerpt":{"rendered":"<p>Biv&scaron;i hrvatski premijer Ivo Sanader najavio je danas povratak u politiku i aktiviranje statutarne uloge po\u010dasnog predsjednika HDZ. &quot;Donio sam tu odluku budu\u0107i da je HDZ u prvom krugu predsjedni\u010dkih izbora imao najlo&scaron;iji rezultat od osnivanja 1989. do danas. Odgovornost ne le\u017ei samo u kandidatu Andriji Hebrangu nego u nesnala\u017eenju u vo\u0111enju stranke&quot;, rekao je [&hellip;]<\/p>\n","protected":false},"author":1,"featured_media":0,"comment_status":"open","ping_status":"closed","sticky":false,"template":"","format":"standard","meta":{"_seopress_robots_primary_cat":"","_seopress_titles_title":"","_seopress_titles_desc":"","_seopress_robots_index":"","_et_pb_use_builder":"","_et_pb_old_content":"","_et_gb_content_width":"","inline_featured_image":false,"footnotes":""},"categories":[14],"tags":[],"class_list":["post-33619","post","type-post","status-publish","format-standard","hentry","category-vijesti"],"_links":{"self":[{"href":"https:\/\/www.pcnen.com\/portal\/wp-json\/wp\/v2\/posts\/33619","targetHints":{"allow":["GET"]}}],"collection":[{"href":"https:\/\/www.pcnen.com\/portal\/wp-json\/wp\/v2\/posts"}],"about":[{"href":"https:\/\/www.pcnen.com\/portal\/wp-json\/wp\/v2\/types\/post"}],"author":[{"embeddable":true,"href":"https:\/\/www.pcnen.com\/portal\/wp-json\/wp\/v2\/users\/1"}],"replies":[{"embeddable":true,"href":"https:\/\/www.pcnen.com\/portal\/wp-json\/wp\/v2\/comments?post=33619"}],"version-history":[{"count":0,"href":"https:\/\/www.pcnen.com\/portal\/wp-json\/wp\/v2\/posts\/33619\/revisions"}],"wp:attachment":[{"href":"https:\/\/www.pcnen.com\/portal\/wp-json\/wp\/v2\/media?parent=33619"}],"wp:term":[{"taxonomy":"category","embeddable":true,"href":"https:\/\/www.pcnen.com\/portal\/wp-json\/wp\/v2\/categories?post=33619"},{"taxonomy":"post_tag","embeddable":true,"href":"https:\/\/www.pcnen.com\/portal\/wp-json\/wp\/v2\/tags?post=33619"}],"curies":[{"name":"wp","href":"https:\/\/api.w.org\/{rel}","templated":true}]}}