{"id":33617,"date":"2010-01-03T13:21:32","date_gmt":"2010-01-03T13:21:32","guid":{"rendered":"http:\/\/www.pcnen.com\/portal\/?p=33617"},"modified":"2010-01-03T13:21:32","modified_gmt":"2010-01-03T13:21:32","slug":"taci-evropska-perspektiva-kosova-nije-ugrozena","status":"publish","type":"post","link":"https:\/\/www.pcnen.com\/portal\/2010\/01\/03\/taci-evropska-perspektiva-kosova-nije-ugrozena\/","title":{"rendered":"Ta\u010di: Evropska perspektiva Kosova nije ugro\u017eena"},"content":{"rendered":"<p>Premijer Kosova Ha&scaron;im Ta\u010di izjavio je za <em>Koha Ditore<\/em> da nije ugro\u017eena evropska perspektiva Kosova uprkos \u010dinjenici da pet \u010dlanica EU, me\u0111u kojima i &Scaron;panija koja predsjedava Uniji, jo&scaron; uvijek nisu priznale Kosovo, prenosi <em>Beta<\/em>.<\/p>\n<p>&quot;Pet zemalja \u010dlanica EU jo&scaron; uvijek nisu priznale nezavisnost, me\u0111utim sve one podr\u017eavaju napredak na Kosovu i njenu evropsku perspektivu&quot;, rekao je Ta\u010di . <\/p>\n<p>On je uvjeren da \u0107e &Scaron;panija, Slova\u010dka, Rumunija, Kipar i Gr\u010dka priznavati nezavisnost Kosova, navodi pri&scaron;tinski dnevnik. <\/p>\n","protected":false},"excerpt":{"rendered":"<p>Premijer Kosova Ha&scaron;im Ta\u010di izjavio je za Koha Ditore da nije ugro\u017eena evropska perspektiva Kosova uprkos \u010dinjenici da pet \u010dlanica EU, me\u0111u kojima i &Scaron;panija koja predsjedava Uniji, jo&scaron; uvijek nisu priznale Kosovo, prenosi Beta. &quot;Pet zemalja \u010dlanica EU jo&scaron; uvijek nisu priznale nezavisnost, me\u0111utim sve one podr\u017eavaju napredak na Kosovu i njenu evropsku perspektivu&quot;, [&hellip;]<\/p>\n","protected":false},"author":1,"featured_media":0,"comment_status":"open","ping_status":"closed","sticky":false,"template":"","format":"standard","meta":{"_seopress_robots_primary_cat":"","_seopress_titles_title":"","_seopress_titles_desc":"","_seopress_robots_index":"","_et_pb_use_builder":"","_et_pb_old_content":"","_et_gb_content_width":"","inline_featured_image":false,"footnotes":""},"categories":[14],"tags":[],"class_list":["post-33617","post","type-post","status-publish","format-standard","hentry","category-vijesti"],"_links":{"self":[{"href":"https:\/\/www.pcnen.com\/portal\/wp-json\/wp\/v2\/posts\/33617","targetHints":{"allow":["GET"]}}],"collection":[{"href":"https:\/\/www.pcnen.com\/portal\/wp-json\/wp\/v2\/posts"}],"about":[{"href":"https:\/\/www.pcnen.com\/portal\/wp-json\/wp\/v2\/types\/post"}],"author":[{"embeddable":true,"href":"https:\/\/www.pcnen.com\/portal\/wp-json\/wp\/v2\/users\/1"}],"replies":[{"embeddable":true,"href":"https:\/\/www.pcnen.com\/portal\/wp-json\/wp\/v2\/comments?post=33617"}],"version-history":[{"count":0,"href":"https:\/\/www.pcnen.com\/portal\/wp-json\/wp\/v2\/posts\/33617\/revisions"}],"wp:attachment":[{"href":"https:\/\/www.pcnen.com\/portal\/wp-json\/wp\/v2\/media?parent=33617"}],"wp:term":[{"taxonomy":"category","embeddable":true,"href":"https:\/\/www.pcnen.com\/portal\/wp-json\/wp\/v2\/categories?post=33617"},{"taxonomy":"post_tag","embeddable":true,"href":"https:\/\/www.pcnen.com\/portal\/wp-json\/wp\/v2\/tags?post=33617"}],"curies":[{"name":"wp","href":"https:\/\/api.w.org\/{rel}","templated":true}]}}