{"id":335372,"date":"2021-12-23T17:03:38","date_gmt":"2021-12-23T16:03:38","guid":{"rendered":"https:\/\/www.pcnen.com\/portal\/?p=335372"},"modified":"2021-12-23T17:03:38","modified_gmt":"2021-12-23T16:03:38","slug":"cgo-vucurovic-nedostojan","status":"publish","type":"post","link":"https:\/\/www.pcnen.com\/portal\/2021\/12\/23\/cgo-vucurovic-nedostojan\/","title":{"rendered":"CGO: Vu\u010durovi\u0107 nedostojan"},"content":{"rendered":"<p>\u201cCGO najo\u0161trije osu\u0111uje mrziteljsku i hu\u0161ka\u010dku retoriku poslanika Jovana Vu\u010durovi\u0107a iz DF prema homoseksualnim osobama i poziva Skup\u0161tina Crne Gore da kao institucija reaguje na govor mr\u017enje koje je iznio Vu\u010durovi\u0107 prema jednoj od najmarginalizovanijih grupa upravo u toj instituciji\u201d, re\u010deno je u poruci koju je CGO objavio na svome tvoter nalogu.<\/p>\n<p>CGO podsje\u0107a na to da je, zajedno sa Akcijom za ljudska prava, \u201cblagovremeno ukazivao da je Vu\u010durovi\u0107 pogre\u0161no rje\u0161enje za predsjednika Odbora za ljudska prava i slobode, jer ni prije tog imenovanja nije pokazivao su\u0161tinsko razumijevanje za ljudska prava\u201d.<\/p>\n<p>\u201cO\u010dekujemo da nadle\u017eni organi ne ostanu nijemi na kr\u0161enje \u010dl. 9a Zakona o zabrani diskriminacije i \u010dl. 443 Krivi\u010dnog zakonika od strane poslanika Vu\u010durovi\u0107a\u201d.<\/p>\n<blockquote class=\"wp-embedded-content\" data-secret=\"lld2QyPfB4\"><p><a href=\"https:\/\/www.pcnen.com\/portal\/2021\/12\/23\/zasijeda-crnogorski-parlament-uzivo-8\/\">Zasijeda crnogorski parlament (u\u017eivo)<\/a><\/p><\/blockquote>\n<p><iframe loading=\"lazy\" class=\"wp-embedded-content\" sandbox=\"allow-scripts\" security=\"restricted\" style=\"position: absolute; clip: rect(1px, 1px, 1px, 1px);\" title=\"&#8220;Zasijeda crnogorski parlament (u\u017eivo)&#8221; &#8212; PCNEN\" src=\"https:\/\/www.pcnen.com\/portal\/2021\/12\/23\/zasijeda-crnogorski-parlament-uzivo-8\/embed\/#?secret=5MmnkRRbab#?secret=lld2QyPfB4\" data-secret=\"lld2QyPfB4\" width=\"600\" height=\"338\" frameborder=\"0\" marginwidth=\"0\" marginheight=\"0\" scrolling=\"no\"><\/iframe><\/p>\n","protected":false},"excerpt":{"rendered":"<p>Centar za gra\u0111ansko obrazovanje je poru\u010dio danas da je Jovan Vu\u010durovi\u0107 \u201cnedostojan mjesta predsjednika Odbora za ljudska prava i slobode\u201d Skup\u0161tine Crne Gore.<\/p>\n","protected":false},"author":1,"featured_media":331200,"comment_status":"open","ping_status":"closed","sticky":false,"template":"","format":"standard","meta":{"_seopress_robots_primary_cat":"","_seopress_titles_title":"","_seopress_titles_desc":"","_seopress_robots_index":"","_et_pb_use_builder":"","_et_pb_old_content":"","_et_gb_content_width":"","inline_featured_image":false,"footnotes":""},"categories":[14],"tags":[],"class_list":["post-335372","post","type-post","status-publish","format-standard","has-post-thumbnail","hentry","category-vijesti"],"_links":{"self":[{"href":"https:\/\/www.pcnen.com\/portal\/wp-json\/wp\/v2\/posts\/335372","targetHints":{"allow":["GET"]}}],"collection":[{"href":"https:\/\/www.pcnen.com\/portal\/wp-json\/wp\/v2\/posts"}],"about":[{"href":"https:\/\/www.pcnen.com\/portal\/wp-json\/wp\/v2\/types\/post"}],"author":[{"embeddable":true,"href":"https:\/\/www.pcnen.com\/portal\/wp-json\/wp\/v2\/users\/1"}],"replies":[{"embeddable":true,"href":"https:\/\/www.pcnen.com\/portal\/wp-json\/wp\/v2\/comments?post=335372"}],"version-history":[{"count":1,"href":"https:\/\/www.pcnen.com\/portal\/wp-json\/wp\/v2\/posts\/335372\/revisions"}],"predecessor-version":[{"id":335373,"href":"https:\/\/www.pcnen.com\/portal\/wp-json\/wp\/v2\/posts\/335372\/revisions\/335373"}],"wp:featuredmedia":[{"embeddable":true,"href":"https:\/\/www.pcnen.com\/portal\/wp-json\/wp\/v2\/media\/331200"}],"wp:attachment":[{"href":"https:\/\/www.pcnen.com\/portal\/wp-json\/wp\/v2\/media?parent=335372"}],"wp:term":[{"taxonomy":"category","embeddable":true,"href":"https:\/\/www.pcnen.com\/portal\/wp-json\/wp\/v2\/categories?post=335372"},{"taxonomy":"post_tag","embeddable":true,"href":"https:\/\/www.pcnen.com\/portal\/wp-json\/wp\/v2\/tags?post=335372"}],"curies":[{"name":"wp","href":"https:\/\/api.w.org\/{rel}","templated":true}]}}