{"id":335342,"date":"2021-12-23T12:04:39","date_gmt":"2021-12-23T11:04:39","guid":{"rendered":"https:\/\/www.pcnen.com\/portal\/?p=335342"},"modified":"2021-12-23T12:04:39","modified_gmt":"2021-12-23T11:04:39","slug":"kabinet-premijera-predsjednikova-odvojenost-od-stvarnosti","status":"publish","type":"post","link":"https:\/\/www.pcnen.com\/portal\/2021\/12\/23\/kabinet-premijera-predsjednikova-odvojenost-od-stvarnosti\/","title":{"rendered":"Kabinet premijera: Predsjednikova odvojenost od stvarnosti"},"content":{"rendered":"<p>Predsjednik dr\u017eave, godinu dana unazad, suo\u010den sa nepovratnim gubitkom mo\u0107i, uporno zabavlja crnogorsku javnost svojim prognozama i predvi\u0111anjima, ali nikako da pogodi. Poru\u010divao je ve\u0107inskoj Crnoj Gori da mu se ne zalije\u0107e, predvi\u0111ao je pobjedu 30. avgusta i prera\u010dunao se. U aprilu ove godine je sao\u0161tio da je Vlada pala zbog navodno neustavnog predlaganja bud\u017eeta, dok je cijelo ljeto proveo tvrde\u0107i da se ustoli\u010denje crnogorskog mitropolita ne\u0107e dogoditi na Cetinju. Kao \u0161to znamo, Vlada nije pala i ustoli\u010denje se desilo.<\/p>\n<p>Tu se predsjednikova odvojenost od stvarnosti i ubije\u0111enost u sopstvene predikcije nijesu zavr\u0161ili. Najavljivao je da Vlada ne\u0107e pre\u017eivjeti ljeto, da ne\u0107e pre\u017eivjeti decembar, a sada ni januar. Nije, me\u0111utim, precizirao godinu. Uspio je \u010dak i da demantuje poslani\u010dki klub sopstvene partije, koji je u parlamentu saop\u0161tio da se inicijativa o izglasavanju nepovjerenja Vladi povla\u010di zbog najavljene inicijative Demokratskog fronta o skra\u0107enju mandata Skup\u0161tini, pi\u0161e u saop\u0161tenju dostavljenom medijima.<\/p>\n<p>\u0110ukanovi\u0107 ipak tvrdi da je inicijativa povu\u010dena zato \u0161to su odre\u0111ene partije iz parlamentarne ve\u0107ine, koje su \u201edio dogovora\u201d, tra\u017eile dodatno vrijeme za tu uzaludnu namjeru. Dok poslani\u010dki klub DPS-a tvrdi jedno, a njihov predsjednik drugo, bilo bi korisno da se dogovore i odgovore:<\/p>\n<p>\u0160ta je zaista razlog povla\u010denja inicijative o izglasavanju nepovjerenja Vladi? Koje su to partije iz parlamentarne ve\u0107ine dio navodnog dogovora sa DPS-om i njegovi, kako ka\u017ee, novi politi\u010dki partneri? Ili zaista ima namjeru da ostane misteriozan po uzoru na sopstvene of\u0161or trastove i bankovne ra\u010dune u inostranstvu?<\/p>\n<p>\u0110ukanovi\u0107 istovremeno raspisuje javni konkurs za novog predsjednika DPS-a, svjestan \u010dinjenice da neminovno klizi ka ostavci. Ta se ostavka, naravno, pakuje u pri\u010du o \u201eneposrednom izboru\u201d novog predsjednika DPS-a u prvoj polovini brzodolaze\u0107e godine. Crnogorska javnost, me\u0111utim, zna da to ne\u0107e biti nikakvi \u201eneposredni izbori\u201d, niti \u0107e novi predsjednik DPS-a biti stvarni predsjednik te politi\u010dke organizacije.<\/p>\n<p>Bi\u0107e to jo\u0161 jedna bezuspje\u0161na politi\u010dka mimikrija i simulacija reformi, uo\u010di lokalnih izbora u Podgorici. Razumije se, na tim izborima, politi\u010dki slom DPS-a \u0107e biti neizbje\u017ean.<\/p>\n<p>Usvajanje bud\u017eeta i programa \u201eEvropa sad!\u201d predstavlja\u0107e zavr\u0161ni udarac u tom kona\u010dnom \u010dinu.<\/p>\n<blockquote class=\"wp-embedded-content\" data-secret=\"nhMBoQdNtq\"><p><a href=\"https:\/\/www.pcnen.com\/portal\/2021\/12\/23\/dukanovic-vlada-nece-prezivjeti-januar-2022\/\">\u00d0ukanovi\u0107: Vlada ne\u0107e pre\u017eivjeti januar 2022.<\/a><\/p><\/blockquote>\n<p><iframe loading=\"lazy\" class=\"wp-embedded-content\" sandbox=\"allow-scripts\" security=\"restricted\" style=\"position: absolute; clip: rect(1px, 1px, 1px, 1px);\" title=\"&#8220;\u00d0ukanovi\u0107: Vlada ne\u0107e pre\u017eivjeti januar 2022.&#8221; &#8212; PCNEN\" src=\"https:\/\/www.pcnen.com\/portal\/2021\/12\/23\/dukanovic-vlada-nece-prezivjeti-januar-2022\/embed\/#?secret=teiAxLXo1b#?secret=nhMBoQdNtq\" data-secret=\"nhMBoQdNtq\" width=\"600\" height=\"338\" frameborder=\"0\" marginwidth=\"0\" marginheight=\"0\" scrolling=\"no\"><\/iframe><\/p>\n","protected":false},"excerpt":{"rendered":"<p>Najavljivao je da Vlada ne\u0107e pre\u017eivjeti ljeto, da ne\u0107e pre\u017eivjeti decembar, a sada ni januar. Nije, me\u0111utim, precizirao godinu<\/p>\n","protected":false},"author":1,"featured_media":0,"comment_status":"open","ping_status":"closed","sticky":false,"template":"","format":"standard","meta":{"_seopress_robots_primary_cat":"","_seopress_titles_title":"","_seopress_titles_desc":"","_seopress_robots_index":"","_et_pb_use_builder":"","_et_pb_old_content":"","_et_gb_content_width":"","inline_featured_image":false,"footnotes":""},"categories":[14],"tags":[],"class_list":["post-335342","post","type-post","status-publish","format-standard","hentry","category-vijesti"],"_links":{"self":[{"href":"https:\/\/www.pcnen.com\/portal\/wp-json\/wp\/v2\/posts\/335342","targetHints":{"allow":["GET"]}}],"collection":[{"href":"https:\/\/www.pcnen.com\/portal\/wp-json\/wp\/v2\/posts"}],"about":[{"href":"https:\/\/www.pcnen.com\/portal\/wp-json\/wp\/v2\/types\/post"}],"author":[{"embeddable":true,"href":"https:\/\/www.pcnen.com\/portal\/wp-json\/wp\/v2\/users\/1"}],"replies":[{"embeddable":true,"href":"https:\/\/www.pcnen.com\/portal\/wp-json\/wp\/v2\/comments?post=335342"}],"version-history":[{"count":1,"href":"https:\/\/www.pcnen.com\/portal\/wp-json\/wp\/v2\/posts\/335342\/revisions"}],"predecessor-version":[{"id":335343,"href":"https:\/\/www.pcnen.com\/portal\/wp-json\/wp\/v2\/posts\/335342\/revisions\/335343"}],"wp:attachment":[{"href":"https:\/\/www.pcnen.com\/portal\/wp-json\/wp\/v2\/media?parent=335342"}],"wp:term":[{"taxonomy":"category","embeddable":true,"href":"https:\/\/www.pcnen.com\/portal\/wp-json\/wp\/v2\/categories?post=335342"},{"taxonomy":"post_tag","embeddable":true,"href":"https:\/\/www.pcnen.com\/portal\/wp-json\/wp\/v2\/tags?post=335342"}],"curies":[{"name":"wp","href":"https:\/\/api.w.org\/{rel}","templated":true}]}}