{"id":334937,"date":"2021-12-17T15:52:34","date_gmt":"2021-12-17T14:52:34","guid":{"rendered":"https:\/\/www.pcnen.com\/portal\/?p=334937"},"modified":"2021-12-17T15:52:34","modified_gmt":"2021-12-17T14:52:34","slug":"narodna-volja","status":"publish","type":"post","link":"https:\/\/www.pcnen.com\/portal\/2021\/12\/17\/narodna-volja\/","title":{"rendered":"Narodna volja"},"content":{"rendered":"<p>Ne znam da li vi\u0161e uop\u0161te ima smisla poku\u0161avati ozbiljno analizirati na\u0161u politi\u010dku scenu i bilo \u0161to pisati, jer ovo \u0161to od \u201epo\u0161tovanog naroda\u201c rade aktuelne politi\u010dke elite, iz partija vlasti prije svih, jednom rije\u010du se mo\u017ee opisati kao zasti\u0111e i lo\u0161 cirkus. Prema \u201epo\u0161tovanom narodu\u201c odnose se kao prema zamor\u010di\u0107ima u kavezu, koji ne znaju \u201esa koje im strane puca\u201c, dok im istovremeno ma\u0161u imaginarnim, ogromnim \u00a0\u0161argarepama.<\/p>\n<p>Politi\u010dke elite vlasti su se pokazale kao neozbiljne amaterske dru\u017eine, neumje\u0161ne i nespremne da vladaju. Jedino su pokazali uspje\u0161nost u izlu\u0111ivanju gra\u0111ana, proizvodnji izdajnika me\u0111u sobom, u uzajamnim najprizemnijim optu\u017eivanjima i pljuva\u010dinama, sva\u0111i, nacionalizmu, partijsko-nepotisti\u010dkom \u00a0zapo\u0161ljavanju &#8211; kojim su nadma\u0161ili \u010dak i \u201e\u010duveni \u201c DPS\/SD.<\/p>\n<p>Osim Demokrata i Prave Crne Gore, niko iz vladaju\u0107e ve\u0107ine ne podr\u017eava aktuelnog premijera, svi \u017eele njegovu smjenu i pad Vlade, a optu\u017euju jedni druge da bi oni koji je sru\u0161e bili najve\u0107i izdajnici. Pitanje je i koliko Demokrate iskreno podr\u017eavaju postoje\u0107u Vladu.<\/p>\n<p>Elite vladaju\u0107e ve\u0107ina odavno znaju da je Vlada su\u0161tinski pala, da nema nikakvu mo\u0107, da je obi\u010dan fikus, da se u njoj vi\u0161e ne zna \u201eko pije a ko pla\u0107a\u201c. \u00a0Zato je i predizborna kampanja odavno po\u010dela, od strane svih, pa i samog premijera i njemu bliskih ministara. U toj kampanji nam se nudi pove\u0107anje plata, penzija, vra\u0107anje naknada za majke sa troje djece, dje\u010dijeg dodatka za svu djecu&#8230; kao da smo u me\u0111uvremnu na\u0161li ogromne rezerve nafta i postali Saudijska Arabija, a ne ostali do gu\u0161e zadu\u017eena dr\u017eava u kojoj je prakti\u010dno jedina privredna grana turizam, koji je, pri neizvjesnoj epidemiolo\u0161koj situaciji u cijelom svijetu, te\u0161ki hazard.<\/p>\n<p>Poslije euforije koja je pratila promjenu vlasti, gra\u0111ani su izgubili nadu da \u0107e se desiti bar dio obe\u0107avanih, istinskih i su\u0161tinskih promjena, \u0161to pokazuju sva istra\u017eivanja javnog mnjenja. Ona govore da Vlada ima minimalnu, u istoriji vi\u0161estrana\u010dja u Crnoj Gori nikad ni\u017eu podr\u0161ku, ali se dio politi\u010dkih elite iz vlasti i sam premijer i dalje pozivaju na \u201enarodnu volju\u201c.<\/p>\n<p>Najva\u017enije institucije u dr\u017eavi su u permanentnoj blokadi, nema Tu\u017eila\u010dkog savjeta, mjesecima se ne mo\u017ee izabrati novi ministar pravde, vjerovatno ne\u0107e biti usvojen bud\u017eet, nema proste ve\u0107ine za usvajanje seta neophodnih zakona a kamoli dvotre\u0107inske za one najva\u017enije, ali dio vlasti, posebno Demokratska Crna Gora, insistiraju na \u201epo\u0161tovanju narodne volje izra\u017eene na izborima\u201c, koja je za njih, izgleda, nepromjenjiva kategorija, uprkos navedenim istra\u017eivanjima, nefunkcionisanju dr\u017eave, fakti\u010dkoj blokadi rada Vlade i Skup\u0161tine.<\/p>\n<p>Aktuelna ve\u0107ina u vlasti je gra\u0111anima na djelu pokazala za\u0161to je DPS vladao 30 godina \u2013 upravo na na\u010din kako je vladao, jedino \u201epo\u0161tovanom narodu\u201c to jo\u0161 nije jasno, stoga je \u201epo\u0161tovani narod\u201c \u2013 kojim se sprdaju i kojeg izlu\u0111uju, postao politi\u010dki target desnih populista. Da li sam ili uz sugestiju \u00a0me\u0111unarodne zajednice, koja, vjerujem, presudno uti\u010de na procese u Crnoj Gori, Gra\u0111anski pokret URA i Abazovi\u0107 su najzad shvatili da se iz ovog mrcvarenja i fluida mora iza\u0107i, stoga su sa SNP-om i \u00a0manjinskim partijama potpisali Memorandum o saradnji, o\u010dito kao podlogu da, ako ovako stanje jo\u0161 potraje \u2013 a sva je prilika da ho\u0107e &#8211; naprave manjinsku Vladu koju bi podr\u017eao DPS, kako bi dr\u017eava mogla funkcionisati do novih izbora. Istih onih predstavnika manjina koje jesu bile privezak DPS-a svih ovih godina i njegov sau\u010desnik u pohari zemlje, ali sve partije manjinskih naroda u regionu uvijek participaraju u vlasti, bilo ko je \u010dinio. Abazovi\u0107 i nova ve\u0107ina su od formiranja Vlade ignorisali tu, uobi\u010dajnu praksu,\u00a0 da manjinske partije budu dio vladaju\u0107e ve\u0107ine i izvr\u0161ne vlasti. Ali ne samo njih, ve\u0107 su sve pripadnike manjinskih naroda tretirali kao gra\u0111ane drugog reda: \u0161to politikom (ne)zapo\u0161ljavanja i potpune eliminacije iz dru\u0161tveno-politi\u010dkog \u017eivota, \u0161to vladaju\u0107om ideologijom, izjavama, \u010dinjenjima i ne\u010dinjenima.<\/p>\n<p>Demokratska Crna Gora je na ma\u010d do\u010dekala potpisani Memorandum URA-e i SNP-a sa manjinskim partijama, pravilno uo\u010davaju\u0107i da je to vjerovatno pontonski most prema budu\u0107oj manjinskoj vladi koju bi podr\u017eao DPS. Optu\u017euju isklju\u010divo URA-u da je to izdaja narodne volje, iako SNP ima vi\u0161e poslanika u vladaju\u0107oj ve\u0107ini, ra\u010duna sa prosrpskom partijom, a aktuelna Vlada je o\u010dito na tim pozicijama, stoga bi valjda \u2013 ako je u pitanju izdaja, target za izdaju trebali da fokusiraju na SNP, a ne na URA-u!? Ne branim URA-u, smatram je sukrivcem za stanje u kome se nalazimo, da je predugo koketierala i podr\u017eavala ne\u0161to \u0161to o\u010digledno nije funkcionisalo i bilo protivno volji velike ve\u0107ine njenih glasa\u010da.<\/p>\n<p>Bilo kako bilo, svima je jasno da ova Vlada ne funkcioni\u0161e, da je vladaju\u0107a ve\u0107ina skup \u201erogova u vre\u0107i\u201c, da je dr\u017eava u blokadi i novi izbori neminovnost. Jasno je i da DPS vi\u0161e nema ama ba\u0161 nikave \u0161anse da se vrati na vlast sa svojim tradicionalnim koalicionim partnerima. Jedina, istina minimalna, \u0161ansa za njegov povratak je upravo dalje mrcvaranje sa nefunkcionalnom Vladom i Skup\u0161tinom,\u00a0 beskona\u010dnim iscrpljivanjem \u201epo\u0161tovanog naroda\u201c postoje\u0107im statusom quo. Upravo la\u017ena, predizborna obe\u0107anja o skoro duplo ve\u0107em minimalcu, najni\u017eoj penziji od 200 eura, vra\u0107anju naknada za majke sa troje djece, dje\u010djem dodatku za svu djecu \u2013 a neusvajenjem bud\u017eeta \u0107e biti problemati\u010dno i teku\u0107e finansiranje, jedini je put za mogu\u0107i povratak DPS-a i dodatnu radikalizaciju prilika u dru\u0161tvu. Izlaz iz postoje\u0107e situacije je manjinska Vlada, \u010diji zadatak bi bio da pripremi teren za nove izbore, obezbijedi usvajanje bud\u017eeta i seta nepohodnih zakona. Ili da se prevazi\u0111e kriza u vladaju\u0107oj ve\u0107ini i da ona da punu podr\u0161ku vladi. Da li je druga opcija mogu\u0107a, neka bez emocija zaklju\u010de \u010ditaoci.<\/p>\n<p>Izdaja gra\u0111ana je postoje\u0107e stanje nefunkcionisanja izvr\u0161ne i zakonodavne vlasti, beskona\u010dnog VD stanja u mnogim institucijama, pravosu\u0111u posebno.<\/p>\n","protected":false},"excerpt":{"rendered":"<p>Pi\u0161e: Omer \u0160ARKI\u0106<\/p>\n","protected":false},"author":12,"featured_media":286086,"comment_status":"open","ping_status":"closed","sticky":false,"template":"","format":"standard","meta":{"_seopress_robots_primary_cat":"","_seopress_titles_title":"","_seopress_titles_desc":"","_seopress_robots_index":"","_et_pb_use_builder":"","_et_pb_old_content":"","_et_gb_content_width":"","inline_featured_image":false,"footnotes":""},"categories":[17],"tags":[],"class_list":["post-334937","post","type-post","status-publish","format-standard","has-post-thumbnail","hentry","category-blogovi"],"_links":{"self":[{"href":"https:\/\/www.pcnen.com\/portal\/wp-json\/wp\/v2\/posts\/334937","targetHints":{"allow":["GET"]}}],"collection":[{"href":"https:\/\/www.pcnen.com\/portal\/wp-json\/wp\/v2\/posts"}],"about":[{"href":"https:\/\/www.pcnen.com\/portal\/wp-json\/wp\/v2\/types\/post"}],"author":[{"embeddable":true,"href":"https:\/\/www.pcnen.com\/portal\/wp-json\/wp\/v2\/users\/12"}],"replies":[{"embeddable":true,"href":"https:\/\/www.pcnen.com\/portal\/wp-json\/wp\/v2\/comments?post=334937"}],"version-history":[{"count":3,"href":"https:\/\/www.pcnen.com\/portal\/wp-json\/wp\/v2\/posts\/334937\/revisions"}],"predecessor-version":[{"id":334950,"href":"https:\/\/www.pcnen.com\/portal\/wp-json\/wp\/v2\/posts\/334937\/revisions\/334950"}],"wp:featuredmedia":[{"embeddable":true,"href":"https:\/\/www.pcnen.com\/portal\/wp-json\/wp\/v2\/media\/286086"}],"wp:attachment":[{"href":"https:\/\/www.pcnen.com\/portal\/wp-json\/wp\/v2\/media?parent=334937"}],"wp:term":[{"taxonomy":"category","embeddable":true,"href":"https:\/\/www.pcnen.com\/portal\/wp-json\/wp\/v2\/categories?post=334937"},{"taxonomy":"post_tag","embeddable":true,"href":"https:\/\/www.pcnen.com\/portal\/wp-json\/wp\/v2\/tags?post=334937"}],"curies":[{"name":"wp","href":"https:\/\/api.w.org\/{rel}","templated":true}]}}