{"id":33450,"date":"2009-12-23T18:22:49","date_gmt":"2009-12-23T18:22:49","guid":{"rendered":"http:\/\/www.pcnen.com\/portal\/?p=33450"},"modified":"2009-12-23T18:22:49","modified_gmt":"2009-12-23T18:22:49","slug":"cg-ce-traziti-od-srbije-da-odgodi-odluku-o-prelasku-granice","status":"publish","type":"post","link":"https:\/\/www.pcnen.com\/portal\/2009\/12\/23\/cg-ce-traziti-od-srbije-da-odgodi-odluku-o-prelasku-granice\/","title":{"rendered":"CG \u0107e tra\u017eiti od Srbije da odgodi odluku o prelasku granice"},"content":{"rendered":"<p>Crnogorski MIP zatra\u017ei\u0107e od Vlade Srbije da odgodi odluku prema kojoj bi od 1 . januara maloljetnim dr\u017eavljanima za ulazak u Srbiju bili potrebni paso&scaron;i, re\u010deno je <em>Radiju Slobodna Evropa<\/em> u tom ministarstvu.<\/p>\n<p>Iz Ambasade Srbije u Podgorici tako\u0111e \u0107e predlo\u017eiti da novi re\u017eim na granici sa CG stupi na snagu poslije novogodi&scaron;njih praznika. <\/p>\n","protected":false},"excerpt":{"rendered":"<p>Crnogorski MIP zatra\u017ei\u0107e od Vlade Srbije da odgodi odluku prema kojoj bi od 1 . januara maloljetnim dr\u017eavljanima za ulazak u Srbiju bili potrebni paso&scaron;i, re\u010deno je Radiju Slobodna Evropa u tom ministarstvu. Iz Ambasade Srbije u Podgorici tako\u0111e \u0107e predlo\u017eiti da novi re\u017eim na granici sa CG stupi na snagu poslije novogodi&scaron;njih praznika.<\/p>\n","protected":false},"author":1,"featured_media":0,"comment_status":"open","ping_status":"closed","sticky":false,"template":"","format":"standard","meta":{"_seopress_robots_primary_cat":"","_seopress_titles_title":"","_seopress_titles_desc":"","_seopress_robots_index":"","_et_pb_use_builder":"","_et_pb_old_content":"","_et_gb_content_width":"","inline_featured_image":false,"footnotes":""},"categories":[14],"tags":[],"class_list":["post-33450","post","type-post","status-publish","format-standard","hentry","category-vijesti"],"_links":{"self":[{"href":"https:\/\/www.pcnen.com\/portal\/wp-json\/wp\/v2\/posts\/33450","targetHints":{"allow":["GET"]}}],"collection":[{"href":"https:\/\/www.pcnen.com\/portal\/wp-json\/wp\/v2\/posts"}],"about":[{"href":"https:\/\/www.pcnen.com\/portal\/wp-json\/wp\/v2\/types\/post"}],"author":[{"embeddable":true,"href":"https:\/\/www.pcnen.com\/portal\/wp-json\/wp\/v2\/users\/1"}],"replies":[{"embeddable":true,"href":"https:\/\/www.pcnen.com\/portal\/wp-json\/wp\/v2\/comments?post=33450"}],"version-history":[{"count":0,"href":"https:\/\/www.pcnen.com\/portal\/wp-json\/wp\/v2\/posts\/33450\/revisions"}],"wp:attachment":[{"href":"https:\/\/www.pcnen.com\/portal\/wp-json\/wp\/v2\/media?parent=33450"}],"wp:term":[{"taxonomy":"category","embeddable":true,"href":"https:\/\/www.pcnen.com\/portal\/wp-json\/wp\/v2\/categories?post=33450"},{"taxonomy":"post_tag","embeddable":true,"href":"https:\/\/www.pcnen.com\/portal\/wp-json\/wp\/v2\/tags?post=33450"}],"curies":[{"name":"wp","href":"https:\/\/api.w.org\/{rel}","templated":true}]}}