{"id":33445,"date":"2009-12-23T13:56:16","date_gmt":"2009-12-23T13:56:16","guid":{"rendered":"http:\/\/www.pcnen.com\/portal\/?p=33445"},"modified":"2009-12-23T13:56:16","modified_gmt":"2009-12-23T13:56:16","slug":"ljajic-podnosi-ostavku-zbog-mladica","status":"publish","type":"post","link":"https:\/\/www.pcnen.com\/portal\/2009\/12\/23\/ljajic-podnosi-ostavku-zbog-mladica\/","title":{"rendered":"Ljaji\u0107 podnosi ostavku zbog Mladi\u0107a"},"content":{"rendered":"<p>Koordinator srpskog Akcionog tima za saradnju sa Ha&scaron;kim tribunalom Rasim Ljaji\u0107 najavio je ostavku na tu du\u017enost isklju\u010divo zbog lo&scaron;e procjene da \u0107e ha&scaron;ki optu\u017eenik Ratko Mladi\u0107 biti uhap&scaron;en do kraja ove godine. <\/p>\n<p>On je za <em>Politiku<\/em> rekao da mora da snosi odgovornost za to &scaron;to je rekao da \u0107e Mladi\u0107 do kraja godine biti u Hagu, iako je ovo najuspe&scaron;nija godina kada je rije\u010d o saradnji sa Tribunalom.<\/p>\n","protected":false},"excerpt":{"rendered":"<p>Koordinator srpskog Akcionog tima za saradnju sa Ha&scaron;kim tribunalom Rasim Ljaji\u0107 najavio je ostavku na tu du\u017enost isklju\u010divo zbog lo&scaron;e procjene da \u0107e ha&scaron;ki optu\u017eenik Ratko Mladi\u0107 biti uhap&scaron;en do kraja ove godine. On je za Politiku rekao da mora da snosi odgovornost za to &scaron;to je rekao da \u0107e Mladi\u0107 do kraja godine biti [&hellip;]<\/p>\n","protected":false},"author":1,"featured_media":0,"comment_status":"open","ping_status":"closed","sticky":false,"template":"","format":"standard","meta":{"_seopress_robots_primary_cat":"","_seopress_titles_title":"","_seopress_titles_desc":"","_seopress_robots_index":"","_et_pb_use_builder":"","_et_pb_old_content":"","_et_gb_content_width":"","inline_featured_image":false,"footnotes":""},"categories":[14],"tags":[],"class_list":["post-33445","post","type-post","status-publish","format-standard","hentry","category-vijesti"],"_links":{"self":[{"href":"https:\/\/www.pcnen.com\/portal\/wp-json\/wp\/v2\/posts\/33445","targetHints":{"allow":["GET"]}}],"collection":[{"href":"https:\/\/www.pcnen.com\/portal\/wp-json\/wp\/v2\/posts"}],"about":[{"href":"https:\/\/www.pcnen.com\/portal\/wp-json\/wp\/v2\/types\/post"}],"author":[{"embeddable":true,"href":"https:\/\/www.pcnen.com\/portal\/wp-json\/wp\/v2\/users\/1"}],"replies":[{"embeddable":true,"href":"https:\/\/www.pcnen.com\/portal\/wp-json\/wp\/v2\/comments?post=33445"}],"version-history":[{"count":0,"href":"https:\/\/www.pcnen.com\/portal\/wp-json\/wp\/v2\/posts\/33445\/revisions"}],"wp:attachment":[{"href":"https:\/\/www.pcnen.com\/portal\/wp-json\/wp\/v2\/media?parent=33445"}],"wp:term":[{"taxonomy":"category","embeddable":true,"href":"https:\/\/www.pcnen.com\/portal\/wp-json\/wp\/v2\/categories?post=33445"},{"taxonomy":"post_tag","embeddable":true,"href":"https:\/\/www.pcnen.com\/portal\/wp-json\/wp\/v2\/tags?post=33445"}],"curies":[{"name":"wp","href":"https:\/\/api.w.org\/{rel}","templated":true}]}}