{"id":33444,"date":"2009-12-23T13:47:18","date_gmt":"2009-12-23T13:47:18","guid":{"rendered":"http:\/\/www.pcnen.com\/portal\/?p=33444"},"modified":"2009-12-23T13:47:18","modified_gmt":"2009-12-23T13:47:18","slug":"ministar-gvozdenovic-potpisao-memorandum-sa-predstavnicima-nvo","status":"publish","type":"post","link":"https:\/\/www.pcnen.com\/portal\/2009\/12\/23\/ministar-gvozdenovic-potpisao-memorandum-sa-predstavnicima-nvo\/","title":{"rendered":"Ministar Gvozdenovi\u0107 potpisao memorandum sa predstavnicima NVO"},"content":{"rendered":"<p>Ministar ure\u0111enja prostora i za&scaron;tite \u017eivotne sredine Branimir Gvozdenovi\u0107 i predstavnici 21 NVO iz oblasti za&scaron;tite \u017eivotne sredine i ure\u0111enja prostora potpisali su danas Memorandum o saradnji, saop&scaron;teno je iz toga ministarstva.<\/p>\n<p>Tokom potpisivanja memoranduma postignut je dogovor oko organizovanja donatorske konferencije tokom prvog kvartala naredne godine na koju bi bile pozvane me\u0111unarodne organizacije da finansiraju projekte nevladinih organizacija. <\/p>\n<p>Dogovoren&nbsp; je i priprema predloga za izmjenu dokumenta &quot;Kriterijumi i procedure za izbor predstavnika NVO koje se bave za&scaron;titom \u017eivotne sredine u tijela koja formiraju dr\u017eavni organi Crne Gore&quot;.<\/p>\n","protected":false},"excerpt":{"rendered":"<p>Ministar ure\u0111enja prostora i za&scaron;tite \u017eivotne sredine Branimir Gvozdenovi\u0107 i predstavnici 21 NVO iz oblasti za&scaron;tite \u017eivotne sredine i ure\u0111enja prostora potpisali su danas Memorandum o saradnji, saop&scaron;teno je iz toga ministarstva. Tokom potpisivanja memoranduma postignut je dogovor oko organizovanja donatorske konferencije tokom prvog kvartala naredne godine na koju bi bile pozvane me\u0111unarodne organizacije da [&hellip;]<\/p>\n","protected":false},"author":1,"featured_media":0,"comment_status":"open","ping_status":"closed","sticky":false,"template":"","format":"standard","meta":{"_seopress_robots_primary_cat":"","_seopress_titles_title":"","_seopress_titles_desc":"","_seopress_robots_index":"","_et_pb_use_builder":"","_et_pb_old_content":"","_et_gb_content_width":"","inline_featured_image":false,"footnotes":""},"categories":[14],"tags":[],"class_list":["post-33444","post","type-post","status-publish","format-standard","hentry","category-vijesti"],"_links":{"self":[{"href":"https:\/\/www.pcnen.com\/portal\/wp-json\/wp\/v2\/posts\/33444","targetHints":{"allow":["GET"]}}],"collection":[{"href":"https:\/\/www.pcnen.com\/portal\/wp-json\/wp\/v2\/posts"}],"about":[{"href":"https:\/\/www.pcnen.com\/portal\/wp-json\/wp\/v2\/types\/post"}],"author":[{"embeddable":true,"href":"https:\/\/www.pcnen.com\/portal\/wp-json\/wp\/v2\/users\/1"}],"replies":[{"embeddable":true,"href":"https:\/\/www.pcnen.com\/portal\/wp-json\/wp\/v2\/comments?post=33444"}],"version-history":[{"count":0,"href":"https:\/\/www.pcnen.com\/portal\/wp-json\/wp\/v2\/posts\/33444\/revisions"}],"wp:attachment":[{"href":"https:\/\/www.pcnen.com\/portal\/wp-json\/wp\/v2\/media?parent=33444"}],"wp:term":[{"taxonomy":"category","embeddable":true,"href":"https:\/\/www.pcnen.com\/portal\/wp-json\/wp\/v2\/categories?post=33444"},{"taxonomy":"post_tag","embeddable":true,"href":"https:\/\/www.pcnen.com\/portal\/wp-json\/wp\/v2\/tags?post=33444"}],"curies":[{"name":"wp","href":"https:\/\/api.w.org\/{rel}","templated":true}]}}