{"id":334404,"date":"2021-12-10T11:43:55","date_gmt":"2021-12-10T10:43:55","guid":{"rendered":"https:\/\/www.pcnen.com\/portal\/?p=334404"},"modified":"2021-12-10T11:49:43","modified_gmt":"2021-12-10T10:49:43","slug":"polaznici-policijske-akademije-slave-uz-pjesmu-oj-kosovo-kosovo-video","status":"publish","type":"post","link":"https:\/\/www.pcnen.com\/portal\/2021\/12\/10\/polaznici-policijske-akademije-slave-uz-pjesmu-oj-kosovo-kosovo-video\/","title":{"rendered":"Polaznici Policijske akademije slave uz pjesmu &#8216;Oj Kosovo, Kosovo&#8217; (video)"},"content":{"rendered":"<p>U\u010denici prve godine Policijske akademije u Danilovgradu u internatu su sino\u0107 slavili povodom pobjede rukometa\u0161ica Srbije protiv Crne Gore na startu glavne runde Svjetskog prvenstva u \u0160paniji, prenosi portal AntenaM<\/p>\n<p>Pobjedu su proslavili uz pjesmu \u201eOj Kosovo, Kosovo\u201d, \u0161to je izazvalo veliki broj komentara na dru\u0161tvenim mre\u017eama.<\/p>\n<p>&nbsp;<\/p>\n<p><iframe loading=\"lazy\" title=\"U\u010denici Policijske akademije slave pobjedu Srbije protiv CG\" width=\"1080\" height=\"608\" src=\"https:\/\/www.youtube.com\/embed\/vFzXOM_4Z1k?feature=oembed\" frameborder=\"0\" allow=\"accelerometer; autoplay; clipboard-write; encrypted-media; gyroscope; picture-in-picture; web-share\" allowfullscreen><\/iframe><\/p>\n","protected":false},"excerpt":{"rendered":"<p>Pobjedu su proslavili uz pjesmu \u201eOj Kosovo, Kosovo\u201d, \u0161to je izazvalo veliki broj komentara na dru\u0161tvenim mre\u017eama Foto:Dan<\/p>\n","protected":false},"author":1,"featured_media":334413,"comment_status":"open","ping_status":"closed","sticky":false,"template":"","format":"standard","meta":{"_seopress_robots_primary_cat":"","_seopress_titles_title":"","_seopress_titles_desc":"","_seopress_robots_index":"","_et_pb_use_builder":"","_et_pb_old_content":"","_et_gb_content_width":"","inline_featured_image":false,"footnotes":""},"categories":[14],"tags":[],"class_list":["post-334404","post","type-post","status-publish","format-standard","has-post-thumbnail","hentry","category-vijesti"],"_links":{"self":[{"href":"https:\/\/www.pcnen.com\/portal\/wp-json\/wp\/v2\/posts\/334404","targetHints":{"allow":["GET"]}}],"collection":[{"href":"https:\/\/www.pcnen.com\/portal\/wp-json\/wp\/v2\/posts"}],"about":[{"href":"https:\/\/www.pcnen.com\/portal\/wp-json\/wp\/v2\/types\/post"}],"author":[{"embeddable":true,"href":"https:\/\/www.pcnen.com\/portal\/wp-json\/wp\/v2\/users\/1"}],"replies":[{"embeddable":true,"href":"https:\/\/www.pcnen.com\/portal\/wp-json\/wp\/v2\/comments?post=334404"}],"version-history":[{"count":3,"href":"https:\/\/www.pcnen.com\/portal\/wp-json\/wp\/v2\/posts\/334404\/revisions"}],"predecessor-version":[{"id":334416,"href":"https:\/\/www.pcnen.com\/portal\/wp-json\/wp\/v2\/posts\/334404\/revisions\/334416"}],"wp:featuredmedia":[{"embeddable":true,"href":"https:\/\/www.pcnen.com\/portal\/wp-json\/wp\/v2\/media\/334413"}],"wp:attachment":[{"href":"https:\/\/www.pcnen.com\/portal\/wp-json\/wp\/v2\/media?parent=334404"}],"wp:term":[{"taxonomy":"category","embeddable":true,"href":"https:\/\/www.pcnen.com\/portal\/wp-json\/wp\/v2\/categories?post=334404"},{"taxonomy":"post_tag","embeddable":true,"href":"https:\/\/www.pcnen.com\/portal\/wp-json\/wp\/v2\/tags?post=334404"}],"curies":[{"name":"wp","href":"https:\/\/api.w.org\/{rel}","templated":true}]}}