{"id":33432,"date":"2009-12-22T20:35:04","date_gmt":"2009-12-22T20:35:04","guid":{"rendered":"http:\/\/www.pcnen.com\/portal\/?p=33432"},"modified":"2009-12-22T20:35:04","modified_gmt":"2009-12-22T20:35:04","slug":"makedonski-predsjednik-odbio-da-dode-na-skup-u-prizrenu","status":"publish","type":"post","link":"https:\/\/www.pcnen.com\/portal\/2009\/12\/22\/makedonski-predsjednik-odbio-da-dode-na-skup-u-prizrenu\/","title":{"rendered":"Makedonski predsjednik odbio da do\u0111e na skup u Prizrenu"},"content":{"rendered":"<p>Predsjednik Makedonije Djor\u0111e Ivanov je odbio da u\u010destvuje na neformalnom sastanku lidera nekoliko zemalja regiona, najavljenom za januar 2010. godine u Prizrenu, prenosi danas pri&scaron;tinska &scaron;tampa. <\/p>\n<p>Neformalni samit, najavljen za 7. i 8. januar u Prizrenu, organizuje kosovski predsjednik Fatmir Sejdiju.&nbsp; <\/p>\n<p>Kako je ranije najavljeno, na januarskom sastanku u Prizrenu u\u010destvova\u0107e predsjednik Albanije Bamir Topi, Hrvatske Stipe Mesi\u0107 i Crne Gore Filip Vujanovi\u0107. <\/p>\n","protected":false},"excerpt":{"rendered":"<p>Predsjednik Makedonije Djor\u0111e Ivanov je odbio da u\u010destvuje na neformalnom sastanku lidera nekoliko zemalja regiona, najavljenom za januar 2010. godine u Prizrenu, prenosi danas pri&scaron;tinska &scaron;tampa. Neformalni samit, najavljen za 7. i 8. januar u Prizrenu, organizuje kosovski predsjednik Fatmir Sejdiju.&nbsp; Kako je ranije najavljeno, na januarskom sastanku u Prizrenu u\u010destvova\u0107e predsjednik Albanije Bamir Topi, [&hellip;]<\/p>\n","protected":false},"author":1,"featured_media":0,"comment_status":"open","ping_status":"closed","sticky":false,"template":"","format":"standard","meta":{"_seopress_robots_primary_cat":"","_seopress_titles_title":"","_seopress_titles_desc":"","_seopress_robots_index":"","_et_pb_use_builder":"","_et_pb_old_content":"","_et_gb_content_width":"","inline_featured_image":false,"footnotes":""},"categories":[14],"tags":[],"class_list":["post-33432","post","type-post","status-publish","format-standard","hentry","category-vijesti"],"_links":{"self":[{"href":"https:\/\/www.pcnen.com\/portal\/wp-json\/wp\/v2\/posts\/33432","targetHints":{"allow":["GET"]}}],"collection":[{"href":"https:\/\/www.pcnen.com\/portal\/wp-json\/wp\/v2\/posts"}],"about":[{"href":"https:\/\/www.pcnen.com\/portal\/wp-json\/wp\/v2\/types\/post"}],"author":[{"embeddable":true,"href":"https:\/\/www.pcnen.com\/portal\/wp-json\/wp\/v2\/users\/1"}],"replies":[{"embeddable":true,"href":"https:\/\/www.pcnen.com\/portal\/wp-json\/wp\/v2\/comments?post=33432"}],"version-history":[{"count":0,"href":"https:\/\/www.pcnen.com\/portal\/wp-json\/wp\/v2\/posts\/33432\/revisions"}],"wp:attachment":[{"href":"https:\/\/www.pcnen.com\/portal\/wp-json\/wp\/v2\/media?parent=33432"}],"wp:term":[{"taxonomy":"category","embeddable":true,"href":"https:\/\/www.pcnen.com\/portal\/wp-json\/wp\/v2\/categories?post=33432"},{"taxonomy":"post_tag","embeddable":true,"href":"https:\/\/www.pcnen.com\/portal\/wp-json\/wp\/v2\/tags?post=33432"}],"curies":[{"name":"wp","href":"https:\/\/api.w.org\/{rel}","templated":true}]}}