{"id":33430,"date":"2009-12-22T18:39:57","date_gmt":"2009-12-22T18:39:57","guid":{"rendered":"http:\/\/www.pcnen.com\/portal\/?p=33430"},"modified":"2009-12-22T18:39:57","modified_gmt":"2009-12-22T18:39:57","slug":"opozicija-najavljuje-formiranje-demokratskog-fronta","status":"publish","type":"post","link":"https:\/\/www.pcnen.com\/portal\/2009\/12\/22\/opozicija-najavljuje-formiranje-demokratskog-fronta\/","title":{"rendered":"Opozicija najavljuje formiranje demokratskog fronta"},"content":{"rendered":"<p>Nova srpska demokratija i Pokret za promjene formira\u0107e po\u010detkom naredne godine demokratski opozicioni front u koji bi, pored parlamentarnih i vanparlamentarnih partija, u&scaron;li i drugi oponenti vlasti, saop&scaron;tili su zvani\u010dnici tih stranaka. <\/p>\n<p>Predsjednik Nove Andrija Mandi\u0107 i potpredsjednik PZP Branko Radulovi\u0107 kazali su <em>Radiju Antena M<\/em> da po\u010detkom naredne godine planiraju stvaranje demokratskog opozicionog fronta. <\/p>\n<p>U opoziciji ocjenjuju da je kriza u Crnoj Gori na vrhuncu, i da je posljednji trenutak za zajedni\u010dku akciju ru&scaron;enja vlasti, prenosi <em>RSE<\/em>. <\/p>\n<p>Mandi\u0107 vjeruje da su sve klju\u010dne stranke &quot;i\u017eivjele pojedina\u010dne sujete i da se mogu okrenuti smjeni vladaju\u0107e garniture&quot;. On smatra da bi inicijativa za objedinjenje trebalo da do\u0111e izvan stranaka.<\/p>\n<p>Radulovi\u0107 je saglasan sa tom idejom. &quot;Ve\u0107 sam i formalno to potpisao u mom klubu. Napisao sam Demokratski front za smjenu vlasti, prazan prostor, pa sebe na stotom mjestu.&quot;<\/p>\n<p>Mandi\u0107 je naglasio da projekat ima &scaron;ansu za uspjeh samo uz u\u010de&scaron;\u0107e Socijalisti\u010dke narodne partije. <\/p>\n<p>Mandi\u0107 i Radulovi\u0107 tvrde da postoji platforma na kojoj se mogu okupiti raznorodne politi\u010dke i dru&scaron;tvene grupe i pojedinci. Radulovi\u0107 je istakao da je gotov i set mjera koje bi, u slu\u010daju dolaska na vlast, preduzeli.<\/p>\n<p>Mandi\u0107 je odbacio mogu\u0107nost da neko iz inostranstva &quot;prisko\u010di u pomo\u0107&quot; opoziciji radi smjene vlasti, dok je Radulovi\u0107 pozvao u opozicioni front liberale i Slavka Perovi\u0107a.<\/p>\n<p>&quot;Ne zbog sentimenta, ve\u0107 zbog istorijske \u010dinjenice, u tom frontu mjesto treba da pripane Liberalnoj partiji i njenom \u010delniku&quot;, rekao je Radulovi\u0107.<\/p>\n<p>Osniva\u010d Liberlanog saveza i predvodnik antiratnog pokreta u Crnoj Gori, Slavko Perovi\u0107 ugasio je stranku u martu 2005. godine i&nbsp; napustio politiku.<\/p>\n","protected":false},"excerpt":{"rendered":"<p>Nova srpska demokratija i Pokret za promjene formira\u0107e po\u010detkom naredne godine demokratski opozicioni front u koji bi, pored parlamentarnih i vanparlamentarnih partija, u&scaron;li i drugi oponenti vlasti, saop&scaron;tili su zvani\u010dnici tih stranaka. Predsjednik Nove Andrija Mandi\u0107 i potpredsjednik PZP Branko Radulovi\u0107 kazali su Radiju Antena M da po\u010detkom naredne godine planiraju stvaranje demokratskog opozicionog fronta. [&hellip;]<\/p>\n","protected":false},"author":1,"featured_media":0,"comment_status":"open","ping_status":"closed","sticky":false,"template":"","format":"standard","meta":{"_seopress_robots_primary_cat":"","_seopress_titles_title":"","_seopress_titles_desc":"","_seopress_robots_index":"","_et_pb_use_builder":"","_et_pb_old_content":"","_et_gb_content_width":"","inline_featured_image":false,"footnotes":""},"categories":[14],"tags":[],"class_list":["post-33430","post","type-post","status-publish","format-standard","hentry","category-vijesti"],"_links":{"self":[{"href":"https:\/\/www.pcnen.com\/portal\/wp-json\/wp\/v2\/posts\/33430","targetHints":{"allow":["GET"]}}],"collection":[{"href":"https:\/\/www.pcnen.com\/portal\/wp-json\/wp\/v2\/posts"}],"about":[{"href":"https:\/\/www.pcnen.com\/portal\/wp-json\/wp\/v2\/types\/post"}],"author":[{"embeddable":true,"href":"https:\/\/www.pcnen.com\/portal\/wp-json\/wp\/v2\/users\/1"}],"replies":[{"embeddable":true,"href":"https:\/\/www.pcnen.com\/portal\/wp-json\/wp\/v2\/comments?post=33430"}],"version-history":[{"count":0,"href":"https:\/\/www.pcnen.com\/portal\/wp-json\/wp\/v2\/posts\/33430\/revisions"}],"wp:attachment":[{"href":"https:\/\/www.pcnen.com\/portal\/wp-json\/wp\/v2\/media?parent=33430"}],"wp:term":[{"taxonomy":"category","embeddable":true,"href":"https:\/\/www.pcnen.com\/portal\/wp-json\/wp\/v2\/categories?post=33430"},{"taxonomy":"post_tag","embeddable":true,"href":"https:\/\/www.pcnen.com\/portal\/wp-json\/wp\/v2\/tags?post=33430"}],"curies":[{"name":"wp","href":"https:\/\/api.w.org\/{rel}","templated":true}]}}