{"id":33428,"date":"2009-12-22T18:31:22","date_gmt":"2009-12-22T18:31:22","guid":{"rendered":"http:\/\/www.pcnen.com\/portal\/?p=33428"},"modified":"2009-12-22T18:31:22","modified_gmt":"2009-12-22T18:31:22","slug":"osnivaci-vijesti-pozdravili-najavu-tuzilastva","status":"publish","type":"post","link":"https:\/\/www.pcnen.com\/portal\/2009\/12\/22\/osnivaci-vijesti-pozdravili-najavu-tuzilastva\/","title":{"rendered":"Osniva\u010di &#8216;Vijesti&#8217; pozdravili najavu Tu\u017eila\u0161tva"},"content":{"rendered":"<p>Osniva\u010di dnevnika <em>Vijesti<\/em> pozdravili su danas izjavu crnogorske dr\u017eavne tu\u017eiteljice Ranke \u010carapi\u0107 da \u0107e provjeriti navode podgori\u010dkog gradona\u010delnika Miomira Mugo&scaron;e koje je javno saop&scaron;tio o njima. <\/p>\n<p>&quot;To i jeste smisao postojanja pravne dr\u017eave za koju se na&scaron;i mediji zala\u017eu od osnivanja&quot;, poru\u010dili su u izjavi dostavljenoj agenciji <em>Mina<\/em> Miodrag Perovi\u0107, \u017deljko Ivanovi\u0107, Ljubi&scaron;a Mitrovi\u0107 i Slavoljub &Scaron;\u0107eki\u0107.<\/p>\n<p>Kako prenosi <em>RSE<\/em>, oni su ocijenili da je Mugo&scaron;a saop&scaron;tio grube i iskonstriuisane neistine o navodnom uticaju Perovi\u0107a i drugih suvlasnika dnevnika <em>Vijesti<\/em> na poslovanje Crnogorske komercijalne banke u 2009. godini.<\/p>\n<p>&quot;Svi krediti koje su dobijali na&scaron;i mediji ili mi li\u010dno, kao fizi\u010dka lica, uredno su dobijani i uredno vra\u0107ani. Tako je bilo i sa kreditom koji posebno zanima Mugo&scaron;u. U jesen 2007. tra\u017eili smo kredit od CKB-a da bi otkupili akcije na&scaron;eg lista, jer bi u suprotnom nad njim bila uspostavljena kontrola krugova koji su \u017eeljeli druga\u010diju ure\u0111iva\u010dku politiku lista&quot;, tvrde oni. <\/p>\n<p>&quot;Tako\u0111e, \u017eelimo da dodamo da su i CKB i na&scaron; list kompanije nad kojima su u \u010ditavom periodu, od osnivanja, sprovo\u0111ene brojne i detaljne kontrole nadle\u017enih institucija, o \u010demu postoji nepobitan pisani trag. I u njima nikada nije konstatovana, kako tvrdi Mugo&scaron;a, nikakva sumnjiva, a kamo li mafija\u010dka radnja&quot;, dodaje se u izjavi osniva\u010da podgori\u010dkog dnevnika.<\/p>\n<p>Oni se nadaju da &quot;ovaj iznenadni posao&quot; \u010carapi\u0107ku ne\u0107e prekinuti ili odlo\u017eiti njen rad na provjeri &quot;brojnih dosijea i prijava sa vrlo detaljnim podacima o nezakonitim radnjama Mugo&scaron;e, zahvaljuju\u0107i kojima su glavni grad i gra\u0111ani Crne Gore o&scaron;te\u0107eni za destine miliona EUR koji su se, naravno, prelili u ne\u010dije privatne d\u017eepove&quot;. <\/p>\n<p>&quot;Tako\u0111e, o\u010dekujemo da \u0107e tu\u017eiteljka, na podjednako profesionalan na\u010din, pristupiti pisanju nove optu\u017enice o nasilju koje je Mugo&scaron;a sa sinom po\u010dinio nad na&scaron;im kolegama a &scaron;to je, kroz zahtjev o dopuni istrage, od nje zatra\u017eilo sudsko vije\u0107e Osnovnog suda u Podgorici&quot;, ka\u017ee se u izjavi. <\/p>\n<p>Gradona\u010dnik Podgorice Miomir Mugo&scaron;a u petak je optu\u017eio osniva\u010de i ve\u0107inske vlasnike dnevnika Vijesti i nedjeljnika Monitor za manipulacije dionicama tih medija, nazvav&scaron;i ih &quot;medijskom mafijom&quot;. <\/p>\n","protected":false},"excerpt":{"rendered":"<p>Osniva\u010di dnevnika Vijesti pozdravili su danas izjavu crnogorske dr\u017eavne tu\u017eiteljice Ranke \u010carapi\u0107 da \u0107e provjeriti navode podgori\u010dkog gradona\u010delnika Miomira Mugo&scaron;e koje je javno saop&scaron;tio o njima. &quot;To i jeste smisao postojanja pravne dr\u017eave za koju se na&scaron;i mediji zala\u017eu od osnivanja&quot;, poru\u010dili su u izjavi dostavljenoj agenciji Mina Miodrag Perovi\u0107, \u017deljko Ivanovi\u0107, Ljubi&scaron;a Mitrovi\u0107 i [&hellip;]<\/p>\n","protected":false},"author":1,"featured_media":0,"comment_status":"open","ping_status":"closed","sticky":false,"template":"","format":"standard","meta":{"_seopress_robots_primary_cat":"","_seopress_titles_title":"","_seopress_titles_desc":"","_seopress_robots_index":"","_et_pb_use_builder":"","_et_pb_old_content":"","_et_gb_content_width":"","inline_featured_image":false,"footnotes":""},"categories":[14],"tags":[],"class_list":["post-33428","post","type-post","status-publish","format-standard","hentry","category-vijesti"],"_links":{"self":[{"href":"https:\/\/www.pcnen.com\/portal\/wp-json\/wp\/v2\/posts\/33428","targetHints":{"allow":["GET"]}}],"collection":[{"href":"https:\/\/www.pcnen.com\/portal\/wp-json\/wp\/v2\/posts"}],"about":[{"href":"https:\/\/www.pcnen.com\/portal\/wp-json\/wp\/v2\/types\/post"}],"author":[{"embeddable":true,"href":"https:\/\/www.pcnen.com\/portal\/wp-json\/wp\/v2\/users\/1"}],"replies":[{"embeddable":true,"href":"https:\/\/www.pcnen.com\/portal\/wp-json\/wp\/v2\/comments?post=33428"}],"version-history":[{"count":0,"href":"https:\/\/www.pcnen.com\/portal\/wp-json\/wp\/v2\/posts\/33428\/revisions"}],"wp:attachment":[{"href":"https:\/\/www.pcnen.com\/portal\/wp-json\/wp\/v2\/media?parent=33428"}],"wp:term":[{"taxonomy":"category","embeddable":true,"href":"https:\/\/www.pcnen.com\/portal\/wp-json\/wp\/v2\/categories?post=33428"},{"taxonomy":"post_tag","embeddable":true,"href":"https:\/\/www.pcnen.com\/portal\/wp-json\/wp\/v2\/tags?post=33428"}],"curies":[{"name":"wp","href":"https:\/\/api.w.org\/{rel}","templated":true}]}}