{"id":33417,"date":"2009-12-22T11:44:05","date_gmt":"2009-12-22T11:44:05","guid":{"rendered":"http:\/\/www.pcnen.com\/portal\/?p=33417"},"modified":"2009-12-22T11:44:05","modified_gmt":"2009-12-22T11:44:05","slug":"tabla-iz-ausvica-ukradena-po-nalogu-svedskog-kolekcionara","status":"publish","type":"post","link":"https:\/\/www.pcnen.com\/portal\/2009\/12\/22\/tabla-iz-ausvica-ukradena-po-nalogu-svedskog-kolekcionara\/","title":{"rendered":"Tabla  iz Au\u0161vica ukradena po nalogu \u0161vedskog kolekcionara?"},"content":{"rendered":"<p>Tabla sa natpisom &quot;Rad osloba\u0111a&quot;, koja je prije nekoliko dana nestala s kapije zloglasnog logora Au&scaron;vic<strong> <\/strong>u Poljskoj, ukradena je po narud\u017ebini jednog &scaron;vedskog kolekcionara, objavila je poljska TVN24, pozivaju\u0107i se na izvore u policiji.<\/p>\n<p>U prilog te tvrdnje ide i podatak da su kradljivci tablu prenijeli s juga Poljske na sjever, u pribalti\u010dku oblast. Poljska TV stanica tvrdi kako su oni namjeravali da je brodom prebace do naru\u010dioca, prenosi <em>Itar-Tass<\/em>. <\/p>\n<p>Poljska policija je ve\u0107 uspjela da utvrdi identitet &Scaron;ve\u0111anina koji je imao ulogu posrednika u organizaciji kra\u0111e. <\/p>\n<p>Policija je dosad uhapsila pet osoba zbog kra\u0111e metalnog natpisa s ulaza u biv&scaron;i nacisti\u010dki logor, a kako je u ponedjeljak saop&scaron;teno ne radi se o neonacisti\u010dkim grupama, ve\u0107 je motiv kra\u0111e finansijske prirode. <\/p>\n<p>Natpis &quot;Arbeit macht frei&quot; (&quot;Rad osloba\u0111a&quot;), te\u017eak oko 45 kilograma, ukraden u petak, a prona\u0111en u nedjelju, isije\u010den je na tri dijela. <\/p>\n<p>Natpis je postao jedan od glavnih simbola logora u kome je u Drugom svjetskom ratu stradalo oko 1,5 miliona osoba, ve\u0107inom Jevreja. <\/p>\n","protected":false},"excerpt":{"rendered":"<p>Tabla sa natpisom &quot;Rad osloba\u0111a&quot;, koja je prije nekoliko dana nestala s kapije zloglasnog logora Au&scaron;vic u Poljskoj, ukradena je po narud\u017ebini jednog &scaron;vedskog kolekcionara, objavila je poljska TVN24, pozivaju\u0107i se na izvore u policiji. U prilog te tvrdnje ide i podatak da su kradljivci tablu prenijeli s juga Poljske na sjever, u pribalti\u010dku oblast. [&hellip;]<\/p>\n","protected":false},"author":1,"featured_media":0,"comment_status":"open","ping_status":"closed","sticky":false,"template":"","format":"standard","meta":{"_seopress_robots_primary_cat":"","_seopress_titles_title":"","_seopress_titles_desc":"","_seopress_robots_index":"","_et_pb_use_builder":"","_et_pb_old_content":"","_et_gb_content_width":"","inline_featured_image":false,"footnotes":""},"categories":[14],"tags":[],"class_list":["post-33417","post","type-post","status-publish","format-standard","hentry","category-vijesti"],"_links":{"self":[{"href":"https:\/\/www.pcnen.com\/portal\/wp-json\/wp\/v2\/posts\/33417","targetHints":{"allow":["GET"]}}],"collection":[{"href":"https:\/\/www.pcnen.com\/portal\/wp-json\/wp\/v2\/posts"}],"about":[{"href":"https:\/\/www.pcnen.com\/portal\/wp-json\/wp\/v2\/types\/post"}],"author":[{"embeddable":true,"href":"https:\/\/www.pcnen.com\/portal\/wp-json\/wp\/v2\/users\/1"}],"replies":[{"embeddable":true,"href":"https:\/\/www.pcnen.com\/portal\/wp-json\/wp\/v2\/comments?post=33417"}],"version-history":[{"count":0,"href":"https:\/\/www.pcnen.com\/portal\/wp-json\/wp\/v2\/posts\/33417\/revisions"}],"wp:attachment":[{"href":"https:\/\/www.pcnen.com\/portal\/wp-json\/wp\/v2\/media?parent=33417"}],"wp:term":[{"taxonomy":"category","embeddable":true,"href":"https:\/\/www.pcnen.com\/portal\/wp-json\/wp\/v2\/categories?post=33417"},{"taxonomy":"post_tag","embeddable":true,"href":"https:\/\/www.pcnen.com\/portal\/wp-json\/wp\/v2\/tags?post=33417"}],"curies":[{"name":"wp","href":"https:\/\/api.w.org\/{rel}","templated":true}]}}