{"id":33413,"date":"2009-12-22T10:06:02","date_gmt":"2009-12-22T10:06:02","guid":{"rendered":"http:\/\/www.pcnen.com\/portal\/?p=33413"},"modified":"2009-12-22T10:06:02","modified_gmt":"2009-12-22T10:06:02","slug":"tadic-predaje-zahtjev-za-kandidaturu-u-eu","status":"publish","type":"post","link":"https:\/\/www.pcnen.com\/portal\/2009\/12\/22\/tadic-predaje-zahtjev-za-kandidaturu-u-eu\/","title":{"rendered":"Tadi\u0107 predaje zahtjev za kandidaturu u EU"},"content":{"rendered":"<p>Predsjednik Srbije Boris Tadi\u0107 preda\u0107e danas u Stokholmu zahtjev za kandidaturu Srbije za \u010dlanstvo u Evropskoj uniji.<\/p>\n<p>Tadi\u0107 \u0107e zahtjev za kandidaturu predati &Scaron;vedskoj koja do 1. januara 2010. predsjedava Evropskoj uniji, javlja <em>Beta<\/em>.<\/p>\n<p>Na predlog Savjeta za evropske integracije, Vlada Srbije je 19. decembra donijela odluku da podnese zahtjev za kandidaturu za \u010dlanstvo u EU.<\/p>\n<p>Premijer &Scaron;vedske Frederik Rejnfelt je saop&scaron;tio da je &quot;Srbija napravila istorijski korak odlu\u010div&scaron;i da aplicira za \u010dlanstvo u EU&quot;.<\/p>\n","protected":false},"excerpt":{"rendered":"<p>Predsjednik Srbije Boris Tadi\u0107 preda\u0107e danas u Stokholmu zahtjev za kandidaturu Srbije za \u010dlanstvo u Evropskoj uniji. Tadi\u0107 \u0107e zahtjev za kandidaturu predati &Scaron;vedskoj koja do 1. januara 2010. predsjedava Evropskoj uniji, javlja Beta. Na predlog Savjeta za evropske integracije, Vlada Srbije je 19. decembra donijela odluku da podnese zahtjev za kandidaturu za \u010dlanstvo u [&hellip;]<\/p>\n","protected":false},"author":1,"featured_media":0,"comment_status":"open","ping_status":"closed","sticky":false,"template":"","format":"standard","meta":{"_seopress_robots_primary_cat":"","_seopress_titles_title":"","_seopress_titles_desc":"","_seopress_robots_index":"","_et_pb_use_builder":"","_et_pb_old_content":"","_et_gb_content_width":"","inline_featured_image":false,"footnotes":""},"categories":[14],"tags":[],"class_list":["post-33413","post","type-post","status-publish","format-standard","hentry","category-vijesti"],"_links":{"self":[{"href":"https:\/\/www.pcnen.com\/portal\/wp-json\/wp\/v2\/posts\/33413","targetHints":{"allow":["GET"]}}],"collection":[{"href":"https:\/\/www.pcnen.com\/portal\/wp-json\/wp\/v2\/posts"}],"about":[{"href":"https:\/\/www.pcnen.com\/portal\/wp-json\/wp\/v2\/types\/post"}],"author":[{"embeddable":true,"href":"https:\/\/www.pcnen.com\/portal\/wp-json\/wp\/v2\/users\/1"}],"replies":[{"embeddable":true,"href":"https:\/\/www.pcnen.com\/portal\/wp-json\/wp\/v2\/comments?post=33413"}],"version-history":[{"count":0,"href":"https:\/\/www.pcnen.com\/portal\/wp-json\/wp\/v2\/posts\/33413\/revisions"}],"wp:attachment":[{"href":"https:\/\/www.pcnen.com\/portal\/wp-json\/wp\/v2\/media?parent=33413"}],"wp:term":[{"taxonomy":"category","embeddable":true,"href":"https:\/\/www.pcnen.com\/portal\/wp-json\/wp\/v2\/categories?post=33413"},{"taxonomy":"post_tag","embeddable":true,"href":"https:\/\/www.pcnen.com\/portal\/wp-json\/wp\/v2\/tags?post=33413"}],"curies":[{"name":"wp","href":"https:\/\/api.w.org\/{rel}","templated":true}]}}