{"id":33395,"date":"2009-12-21T09:59:39","date_gmt":"2009-12-21T09:59:39","guid":{"rendered":"http:\/\/www.pcnen.com\/portal\/?p=33395"},"modified":"2009-12-21T09:59:39","modified_gmt":"2009-12-21T09:59:39","slug":"pronadena-ukradena-tabla-iz-logora-u-ausvicu","status":"publish","type":"post","link":"https:\/\/www.pcnen.com\/portal\/2009\/12\/21\/pronadena-ukradena-tabla-iz-logora-u-ausvicu\/","title":{"rendered":"Prona\u0111ena ukradena tabla iz logora u Au\u0161vicu"},"content":{"rendered":"<p>Policija je na&scaron;la tablu sa glavne kapije biv&scaron;eg nacisti\u010dkog koncentracionog logora Au&scaron;vic, na kojoj stroji cini\u010dni natpis <em>Rad osloba\u0111a,<\/em> i uhapsila pet osoba koje su taj simbol holokausta ukrali u petak u zoru.<\/p>\n<p>Rije\u010d je o mu&scaron;karcima starosti izme\u0111u 20 i 39 godina.<\/p>\n<p>Tabla je o&scaron;te\u0107ena, odnosno presje\u010dena na tri dijela. <\/p>\n<p>Policija je potvrdila da je rije\u010d o organizovanoj grupi, ali ne zna &scaron;ta je bio motiv kra\u0111e &#8211; narud\u017ebina nekog bogatog kolekcionara ili antisemitski ispad.<\/p>\n","protected":false},"excerpt":{"rendered":"<p>Policija je na&scaron;la tablu sa glavne kapije biv&scaron;eg nacisti\u010dkog koncentracionog logora Au&scaron;vic, na kojoj stroji cini\u010dni natpis Rad osloba\u0111a, i uhapsila pet osoba koje su taj simbol holokausta ukrali u petak u zoru. Rije\u010d je o mu&scaron;karcima starosti izme\u0111u 20 i 39 godina. Tabla je o&scaron;te\u0107ena, odnosno presje\u010dena na tri dijela. Policija je potvrdila da [&hellip;]<\/p>\n","protected":false},"author":1,"featured_media":0,"comment_status":"open","ping_status":"closed","sticky":false,"template":"","format":"standard","meta":{"_seopress_robots_primary_cat":"","_seopress_titles_title":"","_seopress_titles_desc":"","_seopress_robots_index":"","_et_pb_use_builder":"","_et_pb_old_content":"","_et_gb_content_width":"","inline_featured_image":false,"footnotes":""},"categories":[14],"tags":[],"class_list":["post-33395","post","type-post","status-publish","format-standard","hentry","category-vijesti"],"_links":{"self":[{"href":"https:\/\/www.pcnen.com\/portal\/wp-json\/wp\/v2\/posts\/33395","targetHints":{"allow":["GET"]}}],"collection":[{"href":"https:\/\/www.pcnen.com\/portal\/wp-json\/wp\/v2\/posts"}],"about":[{"href":"https:\/\/www.pcnen.com\/portal\/wp-json\/wp\/v2\/types\/post"}],"author":[{"embeddable":true,"href":"https:\/\/www.pcnen.com\/portal\/wp-json\/wp\/v2\/users\/1"}],"replies":[{"embeddable":true,"href":"https:\/\/www.pcnen.com\/portal\/wp-json\/wp\/v2\/comments?post=33395"}],"version-history":[{"count":0,"href":"https:\/\/www.pcnen.com\/portal\/wp-json\/wp\/v2\/posts\/33395\/revisions"}],"wp:attachment":[{"href":"https:\/\/www.pcnen.com\/portal\/wp-json\/wp\/v2\/media?parent=33395"}],"wp:term":[{"taxonomy":"category","embeddable":true,"href":"https:\/\/www.pcnen.com\/portal\/wp-json\/wp\/v2\/categories?post=33395"},{"taxonomy":"post_tag","embeddable":true,"href":"https:\/\/www.pcnen.com\/portal\/wp-json\/wp\/v2\/tags?post=33395"}],"curies":[{"name":"wp","href":"https:\/\/api.w.org\/{rel}","templated":true}]}}