{"id":33392,"date":"2009-12-20T22:17:21","date_gmt":"2009-12-20T22:17:21","guid":{"rendered":"http:\/\/www.pcnen.com\/portal\/?p=33392"},"modified":"2009-12-20T22:17:21","modified_gmt":"2009-12-20T22:17:21","slug":"nvo-otkriti-sve-tajne-grobnice","status":"publish","type":"post","link":"https:\/\/www.pcnen.com\/portal\/2009\/12\/20\/nvo-otkriti-sve-tajne-grobnice\/","title":{"rendered":"NVO: Otkriti sve tajne grobnice"},"content":{"rendered":"<p>Vi&scaron;e nevladinih organizacija je podr\u017ealo danas osnivanje dr\u017eavne komisije za pronala\u017eenje i obilje\u017eavanje svih tajnih grobnica nastalih poslije 1944. godine, ali i zatra\u017eilo da Vlada Srbije osnuje komisiju za otkrivanje preostalih tajnih grobnica u Srbiji, nastalih tokom ratova u biv&scaron;oj Jugoslaviji, javlja <em>Beta<\/em>.<\/p>\n<p>&quot;Tra\u017eimo i da komisija utvrdi \u010dinjenice povodom navoda da je tokom NATO bombardovanja bilo spaljivanja tijela albanskih \u017ertava u fabrici Ma\u010dkatica, termoelektrani Obili\u0107, u Ni&scaron;u i u Smederevu&quot;, navodi se u zajedni\u010dkom saop&scaron;tenju 15 nevladinih organizacije.<\/p>\n<p>Saop&scaron;tenje su potpisali Fond za humanitarno pravo, Inicijativa mladih za ljudska prava, Helsin&scaron;ki odbor za ljudska prava, Beogradski centar za ljudska prava, Gradjanske inicijative, \u017dene u crnom, Jukom, Impjuniti vo\u010d, Gradjanska akcija Pan\u010devo, Centar za razvoj civilnih resursa, Vojvodjanka &#8211; Regionalna \u017eenska inicijativa, Centar za regionalizam, Centar za demokratiju i razvoj juga Srbije, Odbor za ljudska prava Leskovac i Centar lokalne demokratije Ni&scaron; &#8211; LDA.<\/p>\n","protected":false},"excerpt":{"rendered":"<p>Vi&scaron;e nevladinih organizacija je podr\u017ealo danas osnivanje dr\u017eavne komisije za pronala\u017eenje i obilje\u017eavanje svih tajnih grobnica nastalih poslije 1944. godine, ali i zatra\u017eilo da Vlada Srbije osnuje komisiju za otkrivanje preostalih tajnih grobnica u Srbiji, nastalih tokom ratova u biv&scaron;oj Jugoslaviji, javlja Beta. &quot;Tra\u017eimo i da komisija utvrdi \u010dinjenice povodom navoda da je tokom NATO [&hellip;]<\/p>\n","protected":false},"author":1,"featured_media":0,"comment_status":"open","ping_status":"closed","sticky":false,"template":"","format":"standard","meta":{"_seopress_robots_primary_cat":"","_seopress_titles_title":"","_seopress_titles_desc":"","_seopress_robots_index":"","_et_pb_use_builder":"","_et_pb_old_content":"","_et_gb_content_width":"","inline_featured_image":false,"footnotes":""},"categories":[14],"tags":[],"class_list":["post-33392","post","type-post","status-publish","format-standard","hentry","category-vijesti"],"_links":{"self":[{"href":"https:\/\/www.pcnen.com\/portal\/wp-json\/wp\/v2\/posts\/33392","targetHints":{"allow":["GET"]}}],"collection":[{"href":"https:\/\/www.pcnen.com\/portal\/wp-json\/wp\/v2\/posts"}],"about":[{"href":"https:\/\/www.pcnen.com\/portal\/wp-json\/wp\/v2\/types\/post"}],"author":[{"embeddable":true,"href":"https:\/\/www.pcnen.com\/portal\/wp-json\/wp\/v2\/users\/1"}],"replies":[{"embeddable":true,"href":"https:\/\/www.pcnen.com\/portal\/wp-json\/wp\/v2\/comments?post=33392"}],"version-history":[{"count":0,"href":"https:\/\/www.pcnen.com\/portal\/wp-json\/wp\/v2\/posts\/33392\/revisions"}],"wp:attachment":[{"href":"https:\/\/www.pcnen.com\/portal\/wp-json\/wp\/v2\/media?parent=33392"}],"wp:term":[{"taxonomy":"category","embeddable":true,"href":"https:\/\/www.pcnen.com\/portal\/wp-json\/wp\/v2\/categories?post=33392"},{"taxonomy":"post_tag","embeddable":true,"href":"https:\/\/www.pcnen.com\/portal\/wp-json\/wp\/v2\/tags?post=33392"}],"curies":[{"name":"wp","href":"https:\/\/api.w.org\/{rel}","templated":true}]}}