{"id":33390,"date":"2009-12-20T21:31:28","date_gmt":"2009-12-20T21:31:28","guid":{"rendered":"http:\/\/www.pcnen.com\/portal\/?p=33390"},"modified":"2009-12-20T21:31:28","modified_gmt":"2009-12-20T21:31:28","slug":"sef-narko-mafije-je-u-beogradu","status":"publish","type":"post","link":"https:\/\/www.pcnen.com\/portal\/2009\/12\/20\/sef-narko-mafije-je-u-beogradu\/","title":{"rendered":"\u0160ef narko mafije je u Beogradu"},"content":{"rendered":"<p>Nakon hap&scaron;enja dvojice Srba u Atini zbog &scaron;verca 20 kilograma kokaina, ustanovljeno je da je organizator \u010ditave akcije \u010dovjek iz Beograda, a da drugi, tako\u0111e Srbin, \u017eivi u Buenos Ajresu, saznaju gr\u010dki mediji, prenosi<a href=\"http:\/\/www.blic.rs\/hronika.php?id=126411\"> <em>Blic<\/em>.<\/a> <\/p>\n<p>Beogradski dnevnik podsje\u0107a da je istraga o &scaron;vercu droge zapo\u010deta prije pet mjeseci, kada je u Odsjek za narkotike i oru\u017eje stigla informacija da grupa Srba poku&scaron;ava da prenese veliku koli\u010dinu kokaina iz Perua u Crnu Goru koriste\u0107i zakupljeni brod.<\/p>\n","protected":false},"excerpt":{"rendered":"<p>Nakon hap&scaron;enja dvojice Srba u Atini zbog &scaron;verca 20 kilograma kokaina, ustanovljeno je da je organizator \u010ditave akcije \u010dovjek iz Beograda, a da drugi, tako\u0111e Srbin, \u017eivi u Buenos Ajresu, saznaju gr\u010dki mediji, prenosi Blic. Beogradski dnevnik podsje\u0107a da je istraga o &scaron;vercu droge zapo\u010deta prije pet mjeseci, kada je u Odsjek za narkotike i [&hellip;]<\/p>\n","protected":false},"author":1,"featured_media":0,"comment_status":"open","ping_status":"closed","sticky":false,"template":"","format":"standard","meta":{"_seopress_robots_primary_cat":"","_seopress_titles_title":"","_seopress_titles_desc":"","_seopress_robots_index":"","_et_pb_use_builder":"","_et_pb_old_content":"","_et_gb_content_width":"","inline_featured_image":false,"footnotes":""},"categories":[14],"tags":[],"class_list":["post-33390","post","type-post","status-publish","format-standard","hentry","category-vijesti"],"_links":{"self":[{"href":"https:\/\/www.pcnen.com\/portal\/wp-json\/wp\/v2\/posts\/33390","targetHints":{"allow":["GET"]}}],"collection":[{"href":"https:\/\/www.pcnen.com\/portal\/wp-json\/wp\/v2\/posts"}],"about":[{"href":"https:\/\/www.pcnen.com\/portal\/wp-json\/wp\/v2\/types\/post"}],"author":[{"embeddable":true,"href":"https:\/\/www.pcnen.com\/portal\/wp-json\/wp\/v2\/users\/1"}],"replies":[{"embeddable":true,"href":"https:\/\/www.pcnen.com\/portal\/wp-json\/wp\/v2\/comments?post=33390"}],"version-history":[{"count":0,"href":"https:\/\/www.pcnen.com\/portal\/wp-json\/wp\/v2\/posts\/33390\/revisions"}],"wp:attachment":[{"href":"https:\/\/www.pcnen.com\/portal\/wp-json\/wp\/v2\/media?parent=33390"}],"wp:term":[{"taxonomy":"category","embeddable":true,"href":"https:\/\/www.pcnen.com\/portal\/wp-json\/wp\/v2\/categories?post=33390"},{"taxonomy":"post_tag","embeddable":true,"href":"https:\/\/www.pcnen.com\/portal\/wp-json\/wp\/v2\/tags?post=33390"}],"curies":[{"name":"wp","href":"https:\/\/api.w.org\/{rel}","templated":true}]}}