{"id":33385,"date":"2009-12-20T13:20:49","date_gmt":"2009-12-20T13:20:49","guid":{"rendered":"http:\/\/www.pcnen.com\/portal\/?p=33385"},"modified":"2009-12-20T13:20:49","modified_gmt":"2009-12-20T13:20:49","slug":"dordevic-sukob-srbije-i-crne-gore-zbog-jul","status":"publish","type":"post","link":"https:\/\/www.pcnen.com\/portal\/2009\/12\/20\/dordevic-sukob-srbije-i-crne-gore-zbog-jul\/","title":{"rendered":"\u0110or\u0111evi\u0107: Sukob Srbije i Crne Gore zbog JUL"},"content":{"rendered":"<p>Biznismen i biv&scaron;i funkcioner Jugoslovenske levice (JUL) Nenad \u0110or\u0111evi\u0107 otkriva, u ispovijesti za beogradski tabloid Press, da je Srbija u sukob sa Crnom Gorom do&scaron;la 1996. zbog jednog \u010dlana JUL &#8211; Neboj&scaron;e Maljkovi\u0107a. <\/p>\n<p>&quot;On je oteo ASI banku, sada <em>Univerzal<\/em>, koja je bila u vlasni&scaron;tvu Auto-moto saveza, koji je vodio Vuka&scaron;in Mara&scaron;, a \u010diji je predsednik bio Milo \u0110ukanovi\u0107. Mara&scaron; je predlo\u017eio da Maljkovi\u0107 bude predsednik Upravnog odbora, zbog pozicija koje je imao sa Mirom i Slobom. Maljkovi\u0107 postavlja nekoliko malih firmi i njima deli akcije, kasnije kupuje te firme i postaje njihov ve\u0107inski vlasnik. U Crnoj Gori po\u010dinju da se bune zbog toga, a Maljkovi\u0107 to predstavlja Miri kao napad na njega zato &scaron;to je \u010dlan JUL-a, a ne zato &scaron;to je oplja\u010dkao ljude. Mira tada po\u010dinje da pi&scaron;e prvi tekst protiv \u0110ukanovi\u0107a u <em>Dugi<\/em> i tada po\u010dinje sukob. Jedna delegacija odlazi kod \u0110ukanovi\u0107a i ka\u017ee mu da ne bi trebalo da zbog toga do\u0111e do razdora izme\u0111u Srbije i Crne Gore, &scaron;to on prihvata, uz uslov da slede\u0107e pismo protiv njega u <em>Dugi<\/em> ne prenese nijedan drugi list. Me\u0111utim, ujutro Had\u017ei-Anti\u0107eva <em>Politika<\/em> objavljuje to pismo. Tada jaz izme\u0111u Srbije i Crne Gore po\u010dinje da se produbljuje i to je mo\u017eda klju\u010dni razlog definitivnog odvajanja dve republike&quot;, ka\u017ee \u0110or\u0111evi\u0107.<\/p>\n<p>\u010citavu ispovijest prenijeli smo u u rubrici <em><a href=\"http:\/\/www.pcnen.com\/index1.php?module=2&amp;menu=8\">Drugi pi&scaron;u.<\/a><\/em><\/p>\n","protected":false},"excerpt":{"rendered":"<p>Biznismen i biv&scaron;i funkcioner Jugoslovenske levice (JUL) Nenad \u0110or\u0111evi\u0107 otkriva, u ispovijesti za beogradski tabloid Press, da je Srbija u sukob sa Crnom Gorom do&scaron;la 1996. zbog jednog \u010dlana JUL &#8211; Neboj&scaron;e Maljkovi\u0107a. &quot;On je oteo ASI banku, sada Univerzal, koja je bila u vlasni&scaron;tvu Auto-moto saveza, koji je vodio Vuka&scaron;in Mara&scaron;, a \u010diji je [&hellip;]<\/p>\n","protected":false},"author":1,"featured_media":0,"comment_status":"open","ping_status":"closed","sticky":false,"template":"","format":"standard","meta":{"_seopress_robots_primary_cat":"","_seopress_titles_title":"","_seopress_titles_desc":"","_seopress_robots_index":"","_et_pb_use_builder":"","_et_pb_old_content":"","_et_gb_content_width":"","inline_featured_image":false,"footnotes":""},"categories":[14],"tags":[],"class_list":["post-33385","post","type-post","status-publish","format-standard","hentry","category-vijesti"],"_links":{"self":[{"href":"https:\/\/www.pcnen.com\/portal\/wp-json\/wp\/v2\/posts\/33385","targetHints":{"allow":["GET"]}}],"collection":[{"href":"https:\/\/www.pcnen.com\/portal\/wp-json\/wp\/v2\/posts"}],"about":[{"href":"https:\/\/www.pcnen.com\/portal\/wp-json\/wp\/v2\/types\/post"}],"author":[{"embeddable":true,"href":"https:\/\/www.pcnen.com\/portal\/wp-json\/wp\/v2\/users\/1"}],"replies":[{"embeddable":true,"href":"https:\/\/www.pcnen.com\/portal\/wp-json\/wp\/v2\/comments?post=33385"}],"version-history":[{"count":0,"href":"https:\/\/www.pcnen.com\/portal\/wp-json\/wp\/v2\/posts\/33385\/revisions"}],"wp:attachment":[{"href":"https:\/\/www.pcnen.com\/portal\/wp-json\/wp\/v2\/media?parent=33385"}],"wp:term":[{"taxonomy":"category","embeddable":true,"href":"https:\/\/www.pcnen.com\/portal\/wp-json\/wp\/v2\/categories?post=33385"},{"taxonomy":"post_tag","embeddable":true,"href":"https:\/\/www.pcnen.com\/portal\/wp-json\/wp\/v2\/tags?post=33385"}],"curies":[{"name":"wp","href":"https:\/\/api.w.org\/{rel}","templated":true}]}}