{"id":33383,"date":"2009-12-20T10:34:19","date_gmt":"2009-12-20T10:34:19","guid":{"rendered":"http:\/\/www.pcnen.com\/portal\/?p=33383"},"modified":"2009-12-20T10:34:19","modified_gmt":"2009-12-20T10:34:19","slug":"tursko-mijesanje-u-politiku-bih","status":"publish","type":"post","link":"https:\/\/www.pcnen.com\/portal\/2009\/12\/20\/tursko-mijesanje-u-politiku-bih\/","title":{"rendered":"Tursko mije\u0161anje u politiku BiH"},"content":{"rendered":"<p>Propali su napori Turske da organizuje sastanak na kojem bi bo&scaron;nja\u010dki politi\u010dki lideri pomirili svoje stavove, javlja <a href=\"http:\/\/www.dw-world.de\/dw\/article\/0,,5040095,00.html\"><em>Doj\u010de vele<\/em>.<\/a> <\/p>\n<p>Protekli \u010detvrtak su se u Ankari trebali sastati Sulejman Tihi\u0107, Haris Silajd\u017ei\u0107 i Zlatko Lagumd\u017eija sa predstavnicima Republike Turske. Sastanak je propao jer se, prema informacijama BHT, pozivu odazvao samo lider Stranke za BiH Haris Silajd\u017ei\u0107. <\/p>\n<p>On je u me\u0111uvremenu demantovao navode da je sastanak u glavnom gradu Turske trebao da predstavlja pomirenje trojice bo&scaron;nja\u010dkih lidera u BiH. <\/p>\n<p>Zbog nove spoljne politike prema BiH, Turskoj su kritike uputile neke evropske zemlje, ali i SAD.<\/p>\n","protected":false},"excerpt":{"rendered":"<p>Propali su napori Turske da organizuje sastanak na kojem bi bo&scaron;nja\u010dki politi\u010dki lideri pomirili svoje stavove, javlja Doj\u010de vele. Protekli \u010detvrtak su se u Ankari trebali sastati Sulejman Tihi\u0107, Haris Silajd\u017ei\u0107 i Zlatko Lagumd\u017eija sa predstavnicima Republike Turske. Sastanak je propao jer se, prema informacijama BHT, pozivu odazvao samo lider Stranke za BiH Haris Silajd\u017ei\u0107. [&hellip;]<\/p>\n","protected":false},"author":1,"featured_media":0,"comment_status":"open","ping_status":"closed","sticky":false,"template":"","format":"standard","meta":{"_seopress_robots_primary_cat":"","_seopress_titles_title":"","_seopress_titles_desc":"","_seopress_robots_index":"","_et_pb_use_builder":"","_et_pb_old_content":"","_et_gb_content_width":"","inline_featured_image":false,"footnotes":""},"categories":[14],"tags":[],"class_list":["post-33383","post","type-post","status-publish","format-standard","hentry","category-vijesti"],"_links":{"self":[{"href":"https:\/\/www.pcnen.com\/portal\/wp-json\/wp\/v2\/posts\/33383","targetHints":{"allow":["GET"]}}],"collection":[{"href":"https:\/\/www.pcnen.com\/portal\/wp-json\/wp\/v2\/posts"}],"about":[{"href":"https:\/\/www.pcnen.com\/portal\/wp-json\/wp\/v2\/types\/post"}],"author":[{"embeddable":true,"href":"https:\/\/www.pcnen.com\/portal\/wp-json\/wp\/v2\/users\/1"}],"replies":[{"embeddable":true,"href":"https:\/\/www.pcnen.com\/portal\/wp-json\/wp\/v2\/comments?post=33383"}],"version-history":[{"count":0,"href":"https:\/\/www.pcnen.com\/portal\/wp-json\/wp\/v2\/posts\/33383\/revisions"}],"wp:attachment":[{"href":"https:\/\/www.pcnen.com\/portal\/wp-json\/wp\/v2\/media?parent=33383"}],"wp:term":[{"taxonomy":"category","embeddable":true,"href":"https:\/\/www.pcnen.com\/portal\/wp-json\/wp\/v2\/categories?post=33383"},{"taxonomy":"post_tag","embeddable":true,"href":"https:\/\/www.pcnen.com\/portal\/wp-json\/wp\/v2\/tags?post=33383"}],"curies":[{"name":"wp","href":"https:\/\/api.w.org\/{rel}","templated":true}]}}