{"id":33382,"date":"2009-12-20T10:23:17","date_gmt":"2009-12-20T10:23:17","guid":{"rendered":"http:\/\/www.pcnen.com\/portal\/?p=33382"},"modified":"2009-12-20T10:23:17","modified_gmt":"2009-12-20T10:23:17","slug":"novi-zajam-za-modernizaciju-zeljeznice","status":"publish","type":"post","link":"https:\/\/www.pcnen.com\/portal\/2009\/12\/20\/novi-zajam-za-modernizaciju-zeljeznice\/","title":{"rendered":"Novi zajam za modernizaciju \u017eeljeznice"},"content":{"rendered":"<p>Kredit \u0107e, kako je navedeno u saop&scaron;tenju, biti dostupan \u017eeljezni\u010dkoj infrastrukturi, a bi\u0107e iskori&scaron;\u0107en za finansiranje sanacije 57 kilometara pruge izme\u0111u Nik&scaron;i\u0107a i Podgorice, prenosi portal <em>SEEbiz.<\/em><\/p>\n<p>Obezbije\u0111eni kredit \u0107e biti dopunjen sa 950.000 eura granta iz EBRD-ovog Fonda za zapadni Balkan i njegovog Shareholder Special fonda, kao i od Vlade Francuske.<\/p>\n<p>&quot;Ova investicija \u0107e pove\u0107ati nivo bezbjednosti \u017eeljeznice i doprinije\u0107e nastavku reformi u \u017eeljezni\u010dkom sektoru. Kredit \u0107e omogu\u0107iti zavr&scaron;etak \u017eeljezni\u010dke pruge Podgorica-Nik&scaron;i\u0107, &scaron;to je zna\u010dajan doprinos sveobuhvatnom razvoju Crne Gore&quot;, ocijenio je predsjednik Odbora direktora \u017deljezni\u010dke infrastrukture Zarija Franovi\u0107.<\/p>\n<p>Ranije je EBRD osigurao tako\u0111e 15 miliona eura za modernizaciju \u017eeljezni\u010dke infrastrukture u Crnoj Gori, odnosno za finasiranje sanacije pruge Vrbnica-Bar.<\/p>\n<p>Od po\u010detka poslovanja u Crnoj Gori, EBRD je ulo\u017eila vi&scaron;e od 80 miliona eura u razli\u010dite sektore crnogorske privrede.<\/p>\n<p>Nakon &scaron;to su \u010dudom pre\u017eivjeli prometnu nesre\u0107u, na autocesti u Njema\u010dkoj, nizozemski par zaru\u010dio se pred okupljenim mno&scaron;tvom.<\/p>\n","protected":false},"excerpt":{"rendered":"<p>Evropska banka za obnovu i razvoj (EBRD) je obezbijedila novi zajam od 15 miliona eura za modernizaciju \u017eeljezni\u010dke mre\u017ee u Crnoj Gori.<\/p>\n","protected":false},"author":1,"featured_media":0,"comment_status":"open","ping_status":"closed","sticky":false,"template":"","format":"standard","meta":{"_seopress_robots_primary_cat":"","_seopress_titles_title":"","_seopress_titles_desc":"","_seopress_robots_index":"","_et_pb_use_builder":"","_et_pb_old_content":"","_et_gb_content_width":"","inline_featured_image":false,"footnotes":""},"categories":[14],"tags":[],"class_list":["post-33382","post","type-post","status-publish","format-standard","hentry","category-vijesti"],"_links":{"self":[{"href":"https:\/\/www.pcnen.com\/portal\/wp-json\/wp\/v2\/posts\/33382","targetHints":{"allow":["GET"]}}],"collection":[{"href":"https:\/\/www.pcnen.com\/portal\/wp-json\/wp\/v2\/posts"}],"about":[{"href":"https:\/\/www.pcnen.com\/portal\/wp-json\/wp\/v2\/types\/post"}],"author":[{"embeddable":true,"href":"https:\/\/www.pcnen.com\/portal\/wp-json\/wp\/v2\/users\/1"}],"replies":[{"embeddable":true,"href":"https:\/\/www.pcnen.com\/portal\/wp-json\/wp\/v2\/comments?post=33382"}],"version-history":[{"count":0,"href":"https:\/\/www.pcnen.com\/portal\/wp-json\/wp\/v2\/posts\/33382\/revisions"}],"wp:attachment":[{"href":"https:\/\/www.pcnen.com\/portal\/wp-json\/wp\/v2\/media?parent=33382"}],"wp:term":[{"taxonomy":"category","embeddable":true,"href":"https:\/\/www.pcnen.com\/portal\/wp-json\/wp\/v2\/categories?post=33382"},{"taxonomy":"post_tag","embeddable":true,"href":"https:\/\/www.pcnen.com\/portal\/wp-json\/wp\/v2\/tags?post=33382"}],"curies":[{"name":"wp","href":"https:\/\/api.w.org\/{rel}","templated":true}]}}