{"id":33380,"date":"2009-12-19T22:32:10","date_gmt":"2009-12-19T22:32:10","guid":{"rendered":"http:\/\/www.pcnen.com\/portal\/?p=33380"},"modified":"2009-12-19T22:32:10","modified_gmt":"2009-12-19T22:32:10","slug":"bilt-tadic-dobrodosao-u-utorak-da-podnese-kandidaturu","status":"publish","type":"post","link":"https:\/\/www.pcnen.com\/portal\/2009\/12\/19\/bilt-tadic-dobrodosao-u-utorak-da-podnese-kandidaturu\/","title":{"rendered":"Bilt: Tadi\u0107 dobrodo\u0161ao u utorak da podnese kandidaturu"},"content":{"rendered":"<p>Karl Bilt, ministar spoljnih poslova &Scaron;vedske, koja predsjedava EU, naveo je na svom blogu da \u0107e predsjednik Srbije Boris Tadi\u0107 u utorak u Stokholmu predati zahtjev Srbije za kandidaturu za prijem u \u010dlanstvo EU, prenosi <em>Beta<\/em>.<\/p>\n<p>On je pozdravio odluku Vlade Srbije, donijetu danas, da podnese zahtjev za \u010dlanstvo u EU. &quot;Ovo je istorijski va\u017ean korak za Srbiju&quot;, naveo je Bilt na svom blogu.<\/p>\n<p>&quot;Predsjednik Srbije je dobrodo&scaron;ao u Stokholmu u utorak da zvani\u010dno podnese zahtjev premijeru (&Scaron;vedske) Frederiku Rejnfeltu&quot;, dodao je Bilt.<\/p>\n<p>On je naveo da \u0107e tom \u010dinu prisustovati i komesar za prosirenje EU Oli Ren.<\/p>\n","protected":false},"excerpt":{"rendered":"<p>Karl Bilt, ministar spoljnih poslova &Scaron;vedske, koja predsjedava EU, naveo je na svom blogu da \u0107e predsjednik Srbije Boris Tadi\u0107 u utorak u Stokholmu predati zahtjev Srbije za kandidaturu za prijem u \u010dlanstvo EU, prenosi Beta. On je pozdravio odluku Vlade Srbije, donijetu danas, da podnese zahtjev za \u010dlanstvo u EU. &quot;Ovo je istorijski va\u017ean [&hellip;]<\/p>\n","protected":false},"author":1,"featured_media":0,"comment_status":"open","ping_status":"closed","sticky":false,"template":"","format":"standard","meta":{"_seopress_robots_primary_cat":"","_seopress_titles_title":"","_seopress_titles_desc":"","_seopress_robots_index":"","_et_pb_use_builder":"","_et_pb_old_content":"","_et_gb_content_width":"","inline_featured_image":false,"footnotes":""},"categories":[14],"tags":[],"class_list":["post-33380","post","type-post","status-publish","format-standard","hentry","category-vijesti"],"_links":{"self":[{"href":"https:\/\/www.pcnen.com\/portal\/wp-json\/wp\/v2\/posts\/33380","targetHints":{"allow":["GET"]}}],"collection":[{"href":"https:\/\/www.pcnen.com\/portal\/wp-json\/wp\/v2\/posts"}],"about":[{"href":"https:\/\/www.pcnen.com\/portal\/wp-json\/wp\/v2\/types\/post"}],"author":[{"embeddable":true,"href":"https:\/\/www.pcnen.com\/portal\/wp-json\/wp\/v2\/users\/1"}],"replies":[{"embeddable":true,"href":"https:\/\/www.pcnen.com\/portal\/wp-json\/wp\/v2\/comments?post=33380"}],"version-history":[{"count":0,"href":"https:\/\/www.pcnen.com\/portal\/wp-json\/wp\/v2\/posts\/33380\/revisions"}],"wp:attachment":[{"href":"https:\/\/www.pcnen.com\/portal\/wp-json\/wp\/v2\/media?parent=33380"}],"wp:term":[{"taxonomy":"category","embeddable":true,"href":"https:\/\/www.pcnen.com\/portal\/wp-json\/wp\/v2\/categories?post=33380"},{"taxonomy":"post_tag","embeddable":true,"href":"https:\/\/www.pcnen.com\/portal\/wp-json\/wp\/v2\/tags?post=33380"}],"curies":[{"name":"wp","href":"https:\/\/api.w.org\/{rel}","templated":true}]}}