{"id":33375,"date":"2009-12-19T17:37:56","date_gmt":"2009-12-19T17:37:56","guid":{"rendered":"http:\/\/www.pcnen.com\/portal\/?p=33375"},"modified":"2009-12-19T17:37:56","modified_gmt":"2009-12-19T17:37:56","slug":"srbija-odlucila-da-se-kandiduje-za-eu","status":"publish","type":"post","link":"https:\/\/www.pcnen.com\/portal\/2009\/12\/19\/srbija-odlucila-da-se-kandiduje-za-eu\/","title":{"rendered":"Srbija odlu\u010dila da se kandiduje za EU"},"content":{"rendered":"<p>Tadi\u0107 je, na konferenciji za novinare poslije sjednice Vlade Srbije kojoj je prisustvovao, naveo da je odluka o kandidaturi donijta i da Srbija sada \u010deka da bude pozvana da je podnese. <\/p>\n<p>Kako B92 saznaje, Srbija \u0107e u utorak 22. decembra podnijeti kandidaturu za \u010dlanstvo u Stokholmu, u &Scaron;vedskoj, zemlji koja predsjedava EU. <\/p>\n","protected":false},"excerpt":{"rendered":"<p>Predsjednik Srbije Boris Tadi\u0107 je izjavio danas da je Srbija donijela odluku o podno&scaron;enju kandidature za \u010dlanstvo u Evropskoj uniji. On je napomenuo da \u0107e odluku o datumu kada \u0107e to biti u\u010dinjeno donijeti &Scaron;vedska, kao zemlja koja predsjedava EU, javlja B92.<\/p>\n","protected":false},"author":1,"featured_media":0,"comment_status":"open","ping_status":"closed","sticky":false,"template":"","format":"standard","meta":{"_seopress_robots_primary_cat":"","_seopress_titles_title":"","_seopress_titles_desc":"","_seopress_robots_index":"","_et_pb_use_builder":"","_et_pb_old_content":"","_et_gb_content_width":"","inline_featured_image":false,"footnotes":""},"categories":[14],"tags":[],"class_list":["post-33375","post","type-post","status-publish","format-standard","hentry","category-vijesti"],"_links":{"self":[{"href":"https:\/\/www.pcnen.com\/portal\/wp-json\/wp\/v2\/posts\/33375","targetHints":{"allow":["GET"]}}],"collection":[{"href":"https:\/\/www.pcnen.com\/portal\/wp-json\/wp\/v2\/posts"}],"about":[{"href":"https:\/\/www.pcnen.com\/portal\/wp-json\/wp\/v2\/types\/post"}],"author":[{"embeddable":true,"href":"https:\/\/www.pcnen.com\/portal\/wp-json\/wp\/v2\/users\/1"}],"replies":[{"embeddable":true,"href":"https:\/\/www.pcnen.com\/portal\/wp-json\/wp\/v2\/comments?post=33375"}],"version-history":[{"count":0,"href":"https:\/\/www.pcnen.com\/portal\/wp-json\/wp\/v2\/posts\/33375\/revisions"}],"wp:attachment":[{"href":"https:\/\/www.pcnen.com\/portal\/wp-json\/wp\/v2\/media?parent=33375"}],"wp:term":[{"taxonomy":"category","embeddable":true,"href":"https:\/\/www.pcnen.com\/portal\/wp-json\/wp\/v2\/categories?post=33375"},{"taxonomy":"post_tag","embeddable":true,"href":"https:\/\/www.pcnen.com\/portal\/wp-json\/wp\/v2\/tags?post=33375"}],"curies":[{"name":"wp","href":"https:\/\/api.w.org\/{rel}","templated":true}]}}